{"id":718,"date":"2026-03-29T21:00:55","date_gmt":"2026-03-30T00:00:55","guid":{"rendered":"https:\/\/pdemocraticoneuquen.com\/?p=718"},"modified":"2026-03-29T21:00:56","modified_gmt":"2026-03-30T00:00:56","slug":"porta-pd-anomalie-nel-voto-degli-italiani-in-venezuela-il-governo-chiarisca","status":"publish","type":"post","link":"https:\/\/pdemocraticoneuquen.com\/index.php\/2026\/03\/29\/porta-pd-anomalie-nel-voto-degli-italiani-in-venezuela-il-governo-chiarisca\/","title":{"rendered":"Porta (PD): \u201cAnomalie nel voto degli italiani in Venezuela: il Governo chiarisca\u201d"},"content":{"rendered":"\n<p>\u201cAbbiamo depositato un\u2019interrogazione parlamentare alla Presidenza del Consiglio dei ministri e al Ministro degli affari esteri e della cooperazione internazionale \u2013 insieme ai colleghi Car\u00e8, Di Sanzo e Toni Ricciardi \u2013 per chiedere chiarezza sulle gravi anomalie emerse in occasione dell\u2019ultimo referendum nella Circoscrizione Estero, Ripartizione America Meridionale, e in particolare tra gli elettori residenti in Venezuela\u201d.<\/p>\n\n\n\n<p>Lo dichiara l\u2019on. Fabio Porta, deputato del Partito Democratico eletto nella ripartizione Sud America.<\/p>\n\n\n\n<p>\u201cSecondo i dati ufficiali \u2013 spiega Porta \u2013 la partecipazione degli italiani in Venezuela \u00e8 balzata dal 23,6 per cento delle ultime elezioni politiche al 36,6 per cento dell\u2019ultima consultazione referendaria, in un contesto in cui la crisi economica, la diaspora crescente e le difficolt\u00e0 delle comunicazioni postali avrebbero dovuto semmai ostacolare il voto dei nostri connazionali. Le percentuali di consenso poi, superiori al 90 per cento in molte sezioni, accentuano ulteriormente il sospetto di anomalie statisticamente significative (cos\u00ec come avvenuto in precedenti consultazioni, dove percentuali analoghe sono state oggetto di perizie da parte della magistratura)\u201d.<\/p>\n\n\n\n<p>\u201cPer questa ragione \u2013 prosegue il deputato \u2013 chiediamo al Governo di chiarire le modalit\u00e0 con cui sono state trasmesse, custodite e distrutte le buste contenenti le schede, di riferire se siano pervenute segnalazioni di irregolarit\u00e0 (come l\u2019irrituale invito agli elettori da parte del Consolato di contattare direttamente il corriere postale privato) e di precisare quali controlli siano stati effettuati dalle nostre autorit\u00e0 diplomatiche per garantire la segretezza del voto\u201d.<\/p>\n\n\n\n<p>\u201c\u00c8 indispensabile \u2013 conclude Porta \u2013 disporre una verifica ispettiva presso le sedi consolari competenti, acquisendo tutta la documentazione relativa al voto e valutando un eventuale perfezionamento che renda omogenee e soprattutto sicure le procedure del voto per corrispondenza. Garantire trasparenza, sicurezza e libert\u00e0 del voto all\u2019estero \u00e8 una condizione indispensabile per tutelare la credibilit\u00e0 della nostra democrazia e i diritti delle comunit\u00e0 italiane nel mondo\u201d.<\/p>\n","protected":false},"excerpt":{"rendered":"<p>\u201cAbbiamo depositato un\u2019interrogazione parlamentare alla Presidenza del Consiglio dei ministri e al Ministro degli affari esteri e della cooperazione internazionale \u2013 insieme ai colleghi Car\u00e8, Di Sanzo e Toni Ricciardi \u2013 per chiedere chiarezza sulle gravi anomalie emerse in occasione dell\u2019ultimo referendum nella Circoscrizione Estero, Ripartizione America Meridionale, e in particolare tra gli elettori residenti &hellip;<\/p>\n","protected":false},"author":1,"featured_media":719,"comment_status":"closed","ping_status":"closed","sticky":false,"template":"","format":"standard","meta":{"footnotes":""},"categories":[4,7],"tags":[],"class_list":["post-718","post","type-post","status-publish","format-standard","has-post-thumbnail","hentry","category-fabio-porta","category-pd"],"aioseo_notices":[],"_links":{"self":[{"href":"https:\/\/pdemocraticoneuquen.com\/index.php\/wp-json\/wp\/v2\/posts\/718","targetHints":{"allow":["GET"]}}],"collection":[{"href":"https:\/\/pdemocraticoneuquen.com\/index.php\/wp-json\/wp\/v2\/posts"}],"about":[{"href":"https:\/\/pdemocraticoneuquen.com\/index.php\/wp-json\/wp\/v2\/types\/post"}],"author":[{"embeddable":true,"href":"https:\/\/pdemocraticoneuquen.com\/index.php\/wp-json\/wp\/v2\/users\/1"}],"replies":[{"embeddable":true,"href":"https:\/\/pdemocraticoneuquen.com\/index.php\/wp-json\/wp\/v2\/comments?post=718"}],"version-history":[{"count":1,"href":"https:\/\/pdemocraticoneuquen.com\/index.php\/wp-json\/wp\/v2\/posts\/718\/revisions"}],"predecessor-version":[{"id":720,"href":"https:\/\/pdemocraticoneuquen.com\/index.php\/wp-json\/wp\/v2\/posts\/718\/revisions\/720"}],"wp:featuredmedia":[{"embeddable":true,"href":"https:\/\/pdemocraticoneuquen.com\/index.php\/wp-json\/wp\/v2\/media\/719"}],"wp:attachment":[{"href":"https:\/\/pdemocraticoneuquen.com\/index.php\/wp-json\/wp\/v2\/media?parent=718"}],"wp:term":[{"taxonomy":"category","embeddable":true,"href":"https:\/\/pdemocraticoneuquen.com\/index.php\/wp-json\/wp\/v2\/categories?post=718"},{"taxonomy":"post_tag","embeddable":true,"href":"https:\/\/pdemocraticoneuquen.com\/index.php\/wp-json\/wp\/v2\/tags?post=718"}],"curies":[{"name":"wp","href":"https:\/\/api.w.org\/{rel}","templated":true}]}}