{"id":711,"date":"2026-03-26T06:50:14","date_gmt":"2026-03-26T09:50:14","guid":{"rendered":"https:\/\/pdemocraticoneuquen.com\/?p=711"},"modified":"2026-03-26T06:50:15","modified_gmt":"2026-03-26T09:50:15","slug":"porta-pd-una-sonora-bocciatura-ad-una-cattiva-riforma-di-un-pessimo-governo","status":"publish","type":"post","link":"https:\/\/pdemocraticoneuquen.com\/index.php\/2026\/03\/26\/porta-pd-una-sonora-bocciatura-ad-una-cattiva-riforma-di-un-pessimo-governo\/","title":{"rendered":"PORTA (PD): UNA SONORA BOCCIATURA AD UNA CATTIVA RIFORMA DI UN PESSIMO GOVERNO."},"content":{"rendered":"\n<p>IN SUDAMERICA VINCE IL S\u00cc CON LE STESSE PERCENTUALI DEGLI ULTIMI TRE REFERENDUM COSTITUZIONALI<\/p>\n\n\n\n<p>La netta vittoria del \u00abNO\u00bb alla pessima riforma costituzionale voluta dal Governo Meloni-Tajani-Salvini \u00e8 una buona notizia, anche per gli italiani nel mondo.&nbsp;&nbsp;<\/p>\n\n\n\n<p>La grande partecipazione degli italiani a questa consultazione carica il voto di una evidente valenza politica, con la prima sonora sconfitta del governo sul piano nazionale.&nbsp;&nbsp;<\/p>\n\n\n\n<p>Ad essere punito \u00e8 il governo che da anni prova a smantellare la costituzione nei suoi cardini fondamentali e che con la vergognosa riforma della cittadinanza ha calpestato in maniera ignobile i diritti di milioni di italiani nel mondo.&nbsp;&nbsp;<\/p>\n\n\n\n<p>Il dato del voto in America Meridionale, con una netta vittoria del \u00abS\u00cc\u00bb, \u00e8 in linea con tutte le precedenti consultazioni referendarie in materia costituzionale: nel 2016 la riforma Renzi ottenne il 73,6%, nel 2020 la riduzione dei parlamentari raggiunse in Sudamerica il 74,19% e adesso la riforma della giustizia ha raggiunto una analoga percentuale del 72,8%.&nbsp;&nbsp;<\/p>\n\n\n\n<p>Erano tutti \u00abrenziani\u00bb nel 2016, \u00abgrillini\u00bb nel 2020 e \u00abmeloniani\u00bb quest&#8217;anno? \u00c8 ovvio che non \u00e8 cos\u00ec e non occorre essere sociologi o esperti di psicologia politica per dare un giudizio sul perch\u00e9 di questa tendenza forte e costante a votare a favore di qualsiasi riforma proposta dal governo di turno.&nbsp;&nbsp;<\/p>\n\n\n\n<p>Ci\u00f2 detto, \u00e8 altrettanto evidente l&#8217;esistenza in alcuni Paesi del Sudamerica di zone grigie e di episodi poco chiari sull&#8217;esercizio del voto che dovrebbero spingere tutti i partiti a impegnarsi per l&#8217;applicazione all&#8217;estero di misure e correttivi utili a scongiurare nelle prossime elezioni casi di brogli ormai ricorrenti e che guarda caso (e nonostante una narrazione diversa fatta circolare ad arte nelle settimane che hanno preceduto questo voto) hanno sempre avvantaggiato i candidati di destra.<\/p>\n","protected":false},"excerpt":{"rendered":"<p>IN SUDAMERICA VINCE IL S\u00cc CON LE STESSE PERCENTUALI DEGLI ULTIMI TRE REFERENDUM COSTITUZIONALI La netta vittoria del \u00abNO\u00bb alla pessima riforma costituzionale voluta dal Governo Meloni-Tajani-Salvini \u00e8 una buona notizia, anche per gli italiani nel mondo.&nbsp;&nbsp; La grande partecipazione degli italiani a questa consultazione carica il voto di una evidente valenza politica, con la &hellip;<\/p>\n","protected":false},"author":1,"featured_media":664,"comment_status":"closed","ping_status":"closed","sticky":false,"template":"","format":"standard","meta":{"footnotes":""},"categories":[4,7],"tags":[],"class_list":["post-711","post","type-post","status-publish","format-standard","has-post-thumbnail","hentry","category-fabio-porta","category-pd"],"aioseo_notices":[],"_links":{"self":[{"href":"https:\/\/pdemocraticoneuquen.com\/index.php\/wp-json\/wp\/v2\/posts\/711","targetHints":{"allow":["GET"]}}],"collection":[{"href":"https:\/\/pdemocraticoneuquen.com\/index.php\/wp-json\/wp\/v2\/posts"}],"about":[{"href":"https:\/\/pdemocraticoneuquen.com\/index.php\/wp-json\/wp\/v2\/types\/post"}],"author":[{"embeddable":true,"href":"https:\/\/pdemocraticoneuquen.com\/index.php\/wp-json\/wp\/v2\/users\/1"}],"replies":[{"embeddable":true,"href":"https:\/\/pdemocraticoneuquen.com\/index.php\/wp-json\/wp\/v2\/comments?post=711"}],"version-history":[{"count":1,"href":"https:\/\/pdemocraticoneuquen.com\/index.php\/wp-json\/wp\/v2\/posts\/711\/revisions"}],"predecessor-version":[{"id":712,"href":"https:\/\/pdemocraticoneuquen.com\/index.php\/wp-json\/wp\/v2\/posts\/711\/revisions\/712"}],"wp:featuredmedia":[{"embeddable":true,"href":"https:\/\/pdemocraticoneuquen.com\/index.php\/wp-json\/wp\/v2\/media\/664"}],"wp:attachment":[{"href":"https:\/\/pdemocraticoneuquen.com\/index.php\/wp-json\/wp\/v2\/media?parent=711"}],"wp:term":[{"taxonomy":"category","embeddable":true,"href":"https:\/\/pdemocraticoneuquen.com\/index.php\/wp-json\/wp\/v2\/categories?post=711"},{"taxonomy":"post_tag","embeddable":true,"href":"https:\/\/pdemocraticoneuquen.com\/index.php\/wp-json\/wp\/v2\/tags?post=711"}],"curies":[{"name":"wp","href":"https:\/\/api.w.org\/{rel}","templated":true}]}}