{"id":703,"date":"2026-03-23T11:56:23","date_gmt":"2026-03-23T14:56:23","guid":{"rendered":"https:\/\/pdemocraticoneuquen.com\/?p=703"},"modified":"2026-03-23T11:56:24","modified_gmt":"2026-03-23T14:56:24","slug":"cento-anni-fa-moriva-in-brasile-ermanno-stradelli-fabio-porta-a-borgo-val-di-taro-per-linizio-delle-celebrazioni-in-omaggio-del-grande-geografo-e-antropologo-emiliano","status":"publish","type":"post","link":"https:\/\/pdemocraticoneuquen.com\/index.php\/2026\/03\/23\/cento-anni-fa-moriva-in-brasile-ermanno-stradelli-fabio-porta-a-borgo-val-di-taro-per-linizio-delle-celebrazioni-in-omaggio-del-grande-geografo-e-antropologo-emiliano\/","title":{"rendered":"CENTO ANNI FA MORIVA IN BRASILE ERMANNO STRADELLI. FABIO PORTA A BORGO VAL DI TARO PER L\u2019INIZIO DELLE CELEBRAZIONI IN OMAGGIO DEL GRANDE GEOGRAFO E ANTROPOLOGO EMILIANO"},"content":{"rendered":"\n<p>\u00c8 stato uno dei primi studiosi dell\u2019Amazzonia e delle popolazioni indigene, l\u2019autore del primo dizionario portoghese-nheengatu (la lingua dei popoli nativi dell\u2019Amazzonia); Ermanno Stradelli nel 1879, nei primi anni della grande emigrazione italiana in Brasile, parte dall\u2019appennino tosco-emiliano per arrivare nel cuore della foresta tropicale pi\u00f9 grande del mondo. Allo studio dell\u2019Amazzonia e delle sue popolazioni Stradelli dedicher\u00e0 la sua vita fino al 1926, quando morir\u00e0 in un lebbrosario di Manaus.&nbsp;&nbsp;<\/p>\n\n\n\n<p>Per l\u2019inizio delle celebrazioni del centenario della morte dell\u2019illustre concittadino il Comune di Borgo Val di Taro insieme alla Consulta della Regione Emilia Romagna per gli emiliano-romagnoli nel mondo ha voluto organizzare una conferenza con il patrocinio dell\u2019Ambasciata del Brasile in Italia, della Societ\u00e0 Geografica Italiana e dell\u2019Universit\u00e0 di Parma.<\/p>\n\n\n\n<p>Dopo i saluti del Sindaco Marco Moglia e del Presidente della Consulta regionale Matteo Daffad\u00e0, l\u2019On. Fabio Porta \u00e8 intervenuto come Presidente dell\u2019Associazione di Amicizia Italia-Brasile.&nbsp;&nbsp;<\/p>\n\n\n\n<p>\u201cStradelli non si comporta come un \u201cconquistatore\u201d, ma come un esploratore anomalo, potremmo dire gi\u00e0 allora profondamente contemporaneo. Attraversa i grandi fiumi dell\u2019Amazzonia con il taccuino del geografo, l\u2019obiettivo del fotografo e la sensibilit\u00e0 dell\u2019antropologo, raccogliendo leggende, vocaboli, tradizioni orali e documentando, con migliaia di fotografie, la vita quotidiana delle popolazioni indigene\u201d ha esordito il deputato eletto in America Meridionale.<\/p>\n\n\n\n<p>\u201cSono convinto \u2013 ha detto in conclusione \u2013 che se sapremo ascoltare la voce di Ermanno Stradelli e sapremo raccogliere il suo invito a esplorare il mondo con curiosit\u00e0, rispetto e responsabilit\u00e0, potremo costruire insieme una relazione ancora pi\u00f9 forte tra Italia e Brasile e contribuire, nel nostro piccolo, a un futuro pi\u00f9 giusto per l\u2019Amazzonia e per il pianeta\u201d.<\/p>\n","protected":false},"excerpt":{"rendered":"<p>\u00c8 stato uno dei primi studiosi dell\u2019Amazzonia e delle popolazioni indigene, l\u2019autore del primo dizionario portoghese-nheengatu (la lingua dei popoli nativi dell\u2019Amazzonia); Ermanno Stradelli nel 1879, nei primi anni della grande emigrazione italiana in Brasile, parte dall\u2019appennino tosco-emiliano per arrivare nel cuore della foresta tropicale pi\u00f9 grande del mondo. Allo studio dell\u2019Amazzonia e delle sue &hellip;<\/p>\n","protected":false},"author":1,"featured_media":704,"comment_status":"closed","ping_status":"closed","sticky":false,"template":"","format":"standard","meta":{"footnotes":""},"categories":[4,7],"tags":[],"class_list":["post-703","post","type-post","status-publish","format-standard","has-post-thumbnail","hentry","category-fabio-porta","category-pd"],"aioseo_notices":[],"_links":{"self":[{"href":"https:\/\/pdemocraticoneuquen.com\/index.php\/wp-json\/wp\/v2\/posts\/703","targetHints":{"allow":["GET"]}}],"collection":[{"href":"https:\/\/pdemocraticoneuquen.com\/index.php\/wp-json\/wp\/v2\/posts"}],"about":[{"href":"https:\/\/pdemocraticoneuquen.com\/index.php\/wp-json\/wp\/v2\/types\/post"}],"author":[{"embeddable":true,"href":"https:\/\/pdemocraticoneuquen.com\/index.php\/wp-json\/wp\/v2\/users\/1"}],"replies":[{"embeddable":true,"href":"https:\/\/pdemocraticoneuquen.com\/index.php\/wp-json\/wp\/v2\/comments?post=703"}],"version-history":[{"count":1,"href":"https:\/\/pdemocraticoneuquen.com\/index.php\/wp-json\/wp\/v2\/posts\/703\/revisions"}],"predecessor-version":[{"id":705,"href":"https:\/\/pdemocraticoneuquen.com\/index.php\/wp-json\/wp\/v2\/posts\/703\/revisions\/705"}],"wp:featuredmedia":[{"embeddable":true,"href":"https:\/\/pdemocraticoneuquen.com\/index.php\/wp-json\/wp\/v2\/media\/704"}],"wp:attachment":[{"href":"https:\/\/pdemocraticoneuquen.com\/index.php\/wp-json\/wp\/v2\/media?parent=703"}],"wp:term":[{"taxonomy":"category","embeddable":true,"href":"https:\/\/pdemocraticoneuquen.com\/index.php\/wp-json\/wp\/v2\/categories?post=703"},{"taxonomy":"post_tag","embeddable":true,"href":"https:\/\/pdemocraticoneuquen.com\/index.php\/wp-json\/wp\/v2\/tags?post=703"}],"curies":[{"name":"wp","href":"https:\/\/api.w.org\/{rel}","templated":true}]}}