{"id":697,"date":"2026-03-20T12:13:01","date_gmt":"2026-03-20T15:13:01","guid":{"rendered":"https:\/\/pdemocraticoneuquen.com\/?p=697"},"modified":"2026-03-20T12:13:02","modified_gmt":"2026-03-20T15:13:02","slug":"il-cordoglio-di-fabio-porta-pd-per-la-morte-di-franco-patrignani","status":"publish","type":"post","link":"https:\/\/pdemocraticoneuquen.com\/index.php\/2026\/03\/20\/il-cordoglio-di-fabio-porta-pd-per-la-morte-di-franco-patrignani\/","title":{"rendered":"IL CORDOGLIO DI FABIO PORTA\u00a0\u00a0(PD) PER LA MORTE DI FRANCO PATRIGNANI"},"content":{"rendered":"\n<p>(Roma, 18 marzo 2026) &#8211; Dopo una lunga malattia, affrontata con coraggio e serena determinazione, \u00e8 venuto a mancare all\u2019affetto dei suoi cari e delle tante persone che in Italia e in Brasile lo hanno conosciuto e apprezzato Franco Patrignani.<\/p>\n\n\n\n<p>Nato ad Ancona nel 1950, a ventidue anni Franco militava gi\u00e0 nella FLM (Federazione Lavoratori Metalmeccanici) e successivamente nella FLC, la federazione sindacale degli edili.&nbsp;&nbsp;<\/p>\n\n\n\n<p>In Italia ha quindi avuto importanti incarichi come dirigente della CISL, fino all\u2019impegno nell\u2019istituto di cooperazione ISCOS, dove ebbe modo di iniziare il suo rapporto con l\u2019America Latina che lo port\u00f2 in Brasile.<\/p>\n\n\n\n<p>Nel Paese sudamericano Patrignani \u00e8 stato per lunghi anni coordinatore nazionale del Patronato INAS e figura centrale della comunit\u00e0 italiana dello Stato dello Espirito Santo e del Brasile; \u00e8 stato anche uno dei principali esponenti del PD in Brasile.<\/p>\n\n\n\n<p>Cos\u00ec lo ricorda sui \u2018social\u2019 l\u2019amico e compagno Fabio Porta: \u201cFRANCO PATRIGNANI non \u00e8 pi\u00f9 tra noi. E questo \u00e8 il post che non avrei mai voluto scrivere, tanto mi mancher\u00e0 un amico e compagno con il quale ho condiviso anni di battaglie politiche e sindacali e soprattutto la passione per la democrazia e la grande comunit\u00e0 italiana in Brasile. Una persona straordinaria, sempre curiosa attenta e soprattutto disponibile. Un sociologo che aveva trovato in Brasile l\u2019ambiente ideale per approfondire il tema della \u201cDemocrazia necessaria\u201d, come si intitolava il libro nel quale Franco riportava insieme esperienze di vita e riflessioni politiche, e del quale lui volle che scrivessi la prefazione. Grazie, Franco, per quanto hai dato a tutti noi: per il tuo esempio di vita, la tua testimonianza politica, l\u2019amore per la tua famiglia e la lotta coraggiosa contro il male che ti ha strappato la vita che tanto amavi. Grazie soprattutto per i preziosi momenti trascorsi insieme. Ci mancherai, ma la tua memoria e il tuo esempio rimarranno per sempre con noi\u201d.<\/p>\n","protected":false},"excerpt":{"rendered":"<p>(Roma, 18 marzo 2026) &#8211; Dopo una lunga malattia, affrontata con coraggio e serena determinazione, \u00e8 venuto a mancare all\u2019affetto dei suoi cari e delle tante persone che in Italia e in Brasile lo hanno conosciuto e apprezzato Franco Patrignani. Nato ad Ancona nel 1950, a ventidue anni Franco militava gi\u00e0 nella FLM (Federazione Lavoratori &hellip;<\/p>\n","protected":false},"author":1,"featured_media":698,"comment_status":"closed","ping_status":"closed","sticky":false,"template":"","format":"standard","meta":{"footnotes":""},"categories":[4,7],"tags":[],"class_list":["post-697","post","type-post","status-publish","format-standard","has-post-thumbnail","hentry","category-fabio-porta","category-pd"],"aioseo_notices":[],"_links":{"self":[{"href":"https:\/\/pdemocraticoneuquen.com\/index.php\/wp-json\/wp\/v2\/posts\/697","targetHints":{"allow":["GET"]}}],"collection":[{"href":"https:\/\/pdemocraticoneuquen.com\/index.php\/wp-json\/wp\/v2\/posts"}],"about":[{"href":"https:\/\/pdemocraticoneuquen.com\/index.php\/wp-json\/wp\/v2\/types\/post"}],"author":[{"embeddable":true,"href":"https:\/\/pdemocraticoneuquen.com\/index.php\/wp-json\/wp\/v2\/users\/1"}],"replies":[{"embeddable":true,"href":"https:\/\/pdemocraticoneuquen.com\/index.php\/wp-json\/wp\/v2\/comments?post=697"}],"version-history":[{"count":1,"href":"https:\/\/pdemocraticoneuquen.com\/index.php\/wp-json\/wp\/v2\/posts\/697\/revisions"}],"predecessor-version":[{"id":699,"href":"https:\/\/pdemocraticoneuquen.com\/index.php\/wp-json\/wp\/v2\/posts\/697\/revisions\/699"}],"wp:featuredmedia":[{"embeddable":true,"href":"https:\/\/pdemocraticoneuquen.com\/index.php\/wp-json\/wp\/v2\/media\/698"}],"wp:attachment":[{"href":"https:\/\/pdemocraticoneuquen.com\/index.php\/wp-json\/wp\/v2\/media?parent=697"}],"wp:term":[{"taxonomy":"category","embeddable":true,"href":"https:\/\/pdemocraticoneuquen.com\/index.php\/wp-json\/wp\/v2\/categories?post=697"},{"taxonomy":"post_tag","embeddable":true,"href":"https:\/\/pdemocraticoneuquen.com\/index.php\/wp-json\/wp\/v2\/tags?post=697"}],"curies":[{"name":"wp","href":"https:\/\/api.w.org\/{rel}","templated":true}]}}