{"id":694,"date":"2026-03-20T09:07:38","date_gmt":"2026-03-20T12:07:38","guid":{"rendered":"https:\/\/pdemocraticoneuquen.com\/?p=694"},"modified":"2026-03-20T09:07:38","modified_gmt":"2026-03-20T12:07:38","slug":"giornata-dellunita-nazionale-porta-pd-il-17-marzo-appartiene-anche-ai-milioni-di-italiani-che-vivono-oltre-i-confini-della-patria","status":"publish","type":"post","link":"https:\/\/pdemocraticoneuquen.com\/index.php\/2026\/03\/20\/giornata-dellunita-nazionale-porta-pd-il-17-marzo-appartiene-anche-ai-milioni-di-italiani-che-vivono-oltre-i-confini-della-patria\/","title":{"rendered":"Giornata dell\u2019Unit\u00e0 nazionale, Porta (PD): \u201cIl 17 marzo appartiene anche ai milioni di italiani che vivono oltre i confini della Patria\u201d"},"content":{"rendered":"\n<p>Roma, 17 marzo 2026 &#8211; \u201cNel 165\u00b0 anniversario della proclamazione del Regno d\u2019Italia, la Giornata dell\u2019Unit\u00e0 nazionale, della Costituzione, dell\u2019Inno e della Bandiera ci chiama a rinnovare un patto di appartenenza che non conosce confini geografici. Questa ricorrenza parla a tutti gli italiani, ma ha un significato ancora pi\u00f9 profondo per i milioni di connazionali che vivono e lavorano all\u2019estero, custodendo ogni giorno, spesso con sacrificio e tenacia, la lingua, la cultura e i valori che ci rendono una comunit\u00e0 nazionale.<\/p>\n\n\n\n<p>Il 17 marzo 1861, a Torino, nasceva l\u2019Italia unita. Quel processo di unificazione non si \u00e8 mai fermato: \u00e8 proseguito con la grande emigrazione, che ha portato milioni di italiani nei cinque continenti, ed \u00e8 proseguito con la Costituzione repubblicana, che ha dato al nostro Paese un fondamento di libert\u00e0, giustizia e solidariet\u00e0. Faccio mie le parole del Presidente Mattarella, che oggi ci invita a \u2018custodire e attuare, con coerenza e lungimiranza, i principi di libert\u00e0, giustizia e pace su cui si fonda la Repubblica\u2019. Queste parole risuonano con forza particolare per chi, dall\u2019America Latina all\u2019Europa, dall\u2019Africa all\u2019Australia, porta avanti il nome e la tradizione dell\u2019Italia nel mondo.<\/p>\n\n\n\n<p>Come deputato eletto nella Circoscrizione Estero, so bene che l\u2019unit\u00e0 nazionale non \u00e8 solo un fatto istituzionale, ma un legame vivo, fatto di lingua, memoria, cultura e partecipazione civica. Le nostre comunit\u00e0 all\u2019estero \u2014 dai circoli culturali ai Comites, dalle scuole italiane alle associazioni \u2014 sono il segno pi\u00f9 concreto che l\u2019Italia non finisce ai suoi confini, ma si estende ovunque vivano donne e uomini che si riconoscono nel Tricolore, nell\u2019Inno di Mameli e nei valori della Costituzione.<\/p>\n\n\n\n<p>Proprio in questi giorni, in cui le nostre comunit\u00e0 sono chiamate a partecipare al referendum del 22 e 23 marzo, il significato di questa Giornata si fa ancora pi\u00f9 attuale: la partecipazione al voto \u00e8 il modo pi\u00f9 alto e concreto per esercitare quel diritto di cittadinanza che l\u2019Unit\u00e0 d\u2019Italia ha reso possibile e che la Costituzione repubblicana garantisce anche a chi vive lontano dalla Patria.<\/p>\n\n\n\n<p>Rivolgo un pensiero e un augurio a tutte le italiane e a tutti gli italiani nel mondo: il 17 marzo \u00e8 la vostra giornata, come lo \u00e8 di ogni cittadino italiano. L\u2019Italia \u00e8 grande anche grazie a voi, alla vostra storia, al vostro lavoro, alla vostra capacit\u00e0 di costruire ponti tra culture e Paesi diversi. Continuiamo insieme a tenere vivo il filo che ci unisce, nella consapevolezza che l\u2019unit\u00e0 nazionale \u00e8 un patrimonio da rinnovare ogni giorno, con orgoglio e responsabilit\u00e0.\u201d<\/p>\n","protected":false},"excerpt":{"rendered":"<p>Roma, 17 marzo 2026 &#8211; \u201cNel 165\u00b0 anniversario della proclamazione del Regno d\u2019Italia, la Giornata dell\u2019Unit\u00e0 nazionale, della Costituzione, dell\u2019Inno e della Bandiera ci chiama a rinnovare un patto di appartenenza che non conosce confini geografici. Questa ricorrenza parla a tutti gli italiani, ma ha un significato ancora pi\u00f9 profondo per i milioni di connazionali &hellip;<\/p>\n","protected":false},"author":1,"featured_media":695,"comment_status":"closed","ping_status":"closed","sticky":false,"template":"","format":"standard","meta":{"footnotes":""},"categories":[4,7],"tags":[],"class_list":["post-694","post","type-post","status-publish","format-standard","has-post-thumbnail","hentry","category-fabio-porta","category-pd"],"aioseo_notices":[],"_links":{"self":[{"href":"https:\/\/pdemocraticoneuquen.com\/index.php\/wp-json\/wp\/v2\/posts\/694","targetHints":{"allow":["GET"]}}],"collection":[{"href":"https:\/\/pdemocraticoneuquen.com\/index.php\/wp-json\/wp\/v2\/posts"}],"about":[{"href":"https:\/\/pdemocraticoneuquen.com\/index.php\/wp-json\/wp\/v2\/types\/post"}],"author":[{"embeddable":true,"href":"https:\/\/pdemocraticoneuquen.com\/index.php\/wp-json\/wp\/v2\/users\/1"}],"replies":[{"embeddable":true,"href":"https:\/\/pdemocraticoneuquen.com\/index.php\/wp-json\/wp\/v2\/comments?post=694"}],"version-history":[{"count":1,"href":"https:\/\/pdemocraticoneuquen.com\/index.php\/wp-json\/wp\/v2\/posts\/694\/revisions"}],"predecessor-version":[{"id":696,"href":"https:\/\/pdemocraticoneuquen.com\/index.php\/wp-json\/wp\/v2\/posts\/694\/revisions\/696"}],"wp:featuredmedia":[{"embeddable":true,"href":"https:\/\/pdemocraticoneuquen.com\/index.php\/wp-json\/wp\/v2\/media\/695"}],"wp:attachment":[{"href":"https:\/\/pdemocraticoneuquen.com\/index.php\/wp-json\/wp\/v2\/media?parent=694"}],"wp:term":[{"taxonomy":"category","embeddable":true,"href":"https:\/\/pdemocraticoneuquen.com\/index.php\/wp-json\/wp\/v2\/categories?post=694"},{"taxonomy":"post_tag","embeddable":true,"href":"https:\/\/pdemocraticoneuquen.com\/index.php\/wp-json\/wp\/v2\/tags?post=694"}],"curies":[{"name":"wp","href":"https:\/\/api.w.org\/{rel}","templated":true}]}}