{"id":691,"date":"2026-03-15T13:03:51","date_gmt":"2026-03-15T16:03:51","guid":{"rendered":"https:\/\/pdemocraticoneuquen.com\/?p=691"},"modified":"2026-03-15T13:03:52","modified_gmt":"2026-03-15T16:03:52","slug":"on-fabio-porta-energie-siciliane-per-roma-un-riconoscimento-alle-migliori-energie-della-sicilia-nella-capitale","status":"publish","type":"post","link":"https:\/\/pdemocraticoneuquen.com\/index.php\/2026\/03\/15\/on-fabio-porta-energie-siciliane-per-roma-un-riconoscimento-alle-migliori-energie-della-sicilia-nella-capitale\/","title":{"rendered":"On. Fabio Porta: \u201cEnergie Siciliane per Roma, un riconoscimento alle migliori energie della Sicilia nella Capitale\u201d"},"content":{"rendered":"\n<p>(Roma, 13 marzo 2026) \u00abRicevere oggi, nella Sala Giacomo Matteotti della Camera dei Deputati, il Premio \u201cEnergie Siciliane per Roma\u201d \u00e8 per me un grande onore e una profonda emozione personale, da figlio di Caltagirone che ha trovato in Roma la sua seconda patria. Vivo questo riconoscimento non come un traguardo individuale, ma come un attestato di stima verso il lavoro di tanti siciliani che hanno scelto la Capitale come luogo di vita, di impegno e di responsabilit\u00e0.\u00bb<\/p>\n\n\n\n<p>\u00abLe storie che questo Premio mette in luce dimostrano che la Sicilia non \u00e8 solo memoria e tradizione, ma anche innovazione, impresa responsabile, cultura e solidariet\u00e0. A Roma, queste energie contribuiscono a rendere la citt\u00e0 pi\u00f9 giusta, inclusiva e consapevole delle sue radici mediterranee, capace di guardare al Mediterraneo non come a un confine o a un problema da contenere, ma come a uno spazio di dialogo, cooperazione e pace.\u00bb<\/p>\n\n\n\n<p>\u00abCome parlamentare eletto in Sud America e come siciliano che ha lavorato a lungo con le comunit\u00e0 italiane nel mondo, so quanto sia decisivo il ruolo delle nostre diaspore e delle tante eccellenze legate alla Sicilia. Continuer\u00f2 a impegnarmi perch\u00e9 queste energie non restino episodi isolati, ma diventino parte di una strategia nazionale di valorizzazione dei talenti, delle nostre regioni e delle nostre comunit\u00e0 all\u2019estero, a beneficio dell\u2019Italia, dell\u2019Europa e dell\u2019intero spazio mediterraneo.\u00bb<\/p>\n","protected":false},"excerpt":{"rendered":"<p>(Roma, 13 marzo 2026) \u00abRicevere oggi, nella Sala Giacomo Matteotti della Camera dei Deputati, il Premio \u201cEnergie Siciliane per Roma\u201d \u00e8 per me un grande onore e una profonda emozione personale, da figlio di Caltagirone che ha trovato in Roma la sua seconda patria. Vivo questo riconoscimento non come un traguardo individuale, ma come un &hellip;<\/p>\n","protected":false},"author":1,"featured_media":692,"comment_status":"closed","ping_status":"closed","sticky":false,"template":"","format":"standard","meta":{"footnotes":""},"categories":[4,7],"tags":[],"class_list":["post-691","post","type-post","status-publish","format-standard","has-post-thumbnail","hentry","category-fabio-porta","category-pd"],"aioseo_notices":[],"_links":{"self":[{"href":"https:\/\/pdemocraticoneuquen.com\/index.php\/wp-json\/wp\/v2\/posts\/691","targetHints":{"allow":["GET"]}}],"collection":[{"href":"https:\/\/pdemocraticoneuquen.com\/index.php\/wp-json\/wp\/v2\/posts"}],"about":[{"href":"https:\/\/pdemocraticoneuquen.com\/index.php\/wp-json\/wp\/v2\/types\/post"}],"author":[{"embeddable":true,"href":"https:\/\/pdemocraticoneuquen.com\/index.php\/wp-json\/wp\/v2\/users\/1"}],"replies":[{"embeddable":true,"href":"https:\/\/pdemocraticoneuquen.com\/index.php\/wp-json\/wp\/v2\/comments?post=691"}],"version-history":[{"count":1,"href":"https:\/\/pdemocraticoneuquen.com\/index.php\/wp-json\/wp\/v2\/posts\/691\/revisions"}],"predecessor-version":[{"id":693,"href":"https:\/\/pdemocraticoneuquen.com\/index.php\/wp-json\/wp\/v2\/posts\/691\/revisions\/693"}],"wp:featuredmedia":[{"embeddable":true,"href":"https:\/\/pdemocraticoneuquen.com\/index.php\/wp-json\/wp\/v2\/media\/692"}],"wp:attachment":[{"href":"https:\/\/pdemocraticoneuquen.com\/index.php\/wp-json\/wp\/v2\/media?parent=691"}],"wp:term":[{"taxonomy":"category","embeddable":true,"href":"https:\/\/pdemocraticoneuquen.com\/index.php\/wp-json\/wp\/v2\/categories?post=691"},{"taxonomy":"post_tag","embeddable":true,"href":"https:\/\/pdemocraticoneuquen.com\/index.php\/wp-json\/wp\/v2\/tags?post=691"}],"curies":[{"name":"wp","href":"https:\/\/api.w.org\/{rel}","templated":true}]}}