{"id":682,"date":"2026-03-10T20:28:22","date_gmt":"2026-03-10T23:28:22","guid":{"rendered":"https:\/\/pdemocraticoneuquen.com\/?p=682"},"modified":"2026-03-10T20:28:23","modified_gmt":"2026-03-10T23:28:23","slug":"commonwealth-day-porta-pd-il-commonwealth-laboratorio-di-un-nuovo-multilateralismo-democratico","status":"publish","type":"post","link":"https:\/\/pdemocraticoneuquen.com\/index.php\/2026\/03\/10\/commonwealth-day-porta-pd-il-commonwealth-laboratorio-di-un-nuovo-multilateralismo-democratico\/","title":{"rendered":"Commonwealth Day, Porta (PD): \u201cIl Commonwealth, laboratorio di un nuovo multilateralismo democratico\u201d"},"content":{"rendered":"\n<p>In occasione del Commonwealth Day, celebrato oggi presso l\u2019Aula dei Gruppi parlamentari della Camera dei deputati, l\u2019on. Fabio Porta, eletto nella Circoscrizione Estero e Presidente del Gruppo interparlamentare di amicizia Italia\u2013Guyana, \u00e8 intervenuto alla conferenza dal titolo \u201cThe Evolution of International Institutions and Global Governance\u201d.<\/p>\n\n\n\n<p>Nel suo intervento, l\u2019on. Porta ha sottolineato come il Commonwealth non debba essere considerato \u201cil residuo di un passato imperiale, ma un vero e proprio laboratorio di futuro\u201d, una comunit\u00e0 di 56 Paesi che ha scelto di fondare la propria legittimit\u00e0 su valori condivisi quali la democrazia parlamentare, lo stato di diritto, i diritti umani e lo sviluppo sostenibile.<\/p>\n\n\n\n<p>Richiamando l\u2019attuale crisi del multilateralismo e le tensioni che attraversano l\u2019ordine internazionale \u2013 dal ritorno della guerra nel cuore dell\u2019Europa agli squilibri economici e climatici, fino alle sfide poste dalla rivoluzione digitale \u2013 Porta ha definito il Commonwealth una \u201crete di reti\u201d, nella quale Stati grandi e piccoli, del Nord e del Sud del mondo, sperimentano forme di concertazione capaci di ispirare una riforma pi\u00f9 ampia della governance globale.<\/p>\n\n\n\n<p>Particolare attenzione \u00e8 stata dedicata al ruolo dell\u2019Italia. Pur non facendo parte del Commonwealth, il nostro Paese \u2013 ha ricordato il deputato \u2013 ne condivide i principi di fondo ed \u00e8 \u201cpartner naturale\u201d di molti Paesi membri, grazie anche alla presenza di radicate comunit\u00e0 italiane all\u2019estero e alla vocazione mediterranea ed europea della nostra politica estera. In questo quadro, il dialogo tra l\u2019Italia e il Commonwealth rappresenta un\u2019occasione per costruire un rapporto pi\u00f9 equilibrato tra Europa e Sud globale, \u201cbasato sul rispetto reciproco e su progetti condivisi, non sul paternalismo o sull\u2019indifferenza\u201d.<\/p>\n\n\n\n<p>Porta ha insistito sul ruolo centrale dei Parlamenti nell\u2019evoluzione delle istituzioni internazionali: \u201cParlare di governance globale senza Parlamenti significa rischiare una tecnocrazia distante dai cittadini; pensare a Parlamenti chiusi entro i confini nazionali significa condannarci all\u2019impotenza di fronte a sfide che non conoscono frontiere\u201d. Da qui l\u2019appello a una \u201cdoppia fedelt\u00e0: alla sovranit\u00e0 popolare e alla responsabilit\u00e0 globale\u201d.<\/p>\n\n\n\n<p>Il deputato ha inoltre indicato nel Commonwealth un modello significativo di \u201cmultilateralismo parlamentare\u201d, grazie alla fitta rete di relazioni interparlamentari e al confronto su temi cruciali come cambiamento climatico, blue economy, gestione dei flussi migratori e tutela dei diritti di donne e giovani.<\/p>\n\n\n\n<p>Concludendo il suo intervento, l\u2019on. Porta ha affermato che l\u2019evoluzione delle istituzioni internazionali potr\u00e0 rappresentare \u201cun vero passo avanti di civilt\u00e0, e non soltanto un nuovo capitolo di geopolitica\u201d, a condizione di saper tenere insieme memoria e innovazione, identit\u00e0 e apertura, radicamento nazionale e responsabilit\u00e0 globale. L\u2019Italia, il suo Parlamento e le sue comunit\u00e0 nel mondo \u2013 ha ribadito \u2013 sono pronti a fare la loro parte, anche attraverso un rapporto \u201cpi\u00f9 profondo e strutturato\u201d con il Commonwealth.<\/p>\n","protected":false},"excerpt":{"rendered":"<p>In occasione del Commonwealth Day, celebrato oggi presso l\u2019Aula dei Gruppi parlamentari della Camera dei deputati, l\u2019on. Fabio Porta, eletto nella Circoscrizione Estero e Presidente del Gruppo interparlamentare di amicizia Italia\u2013Guyana, \u00e8 intervenuto alla conferenza dal titolo \u201cThe Evolution of International Institutions and Global Governance\u201d. Nel suo intervento, l\u2019on. Porta ha sottolineato come il Commonwealth &hellip;<\/p>\n","protected":false},"author":1,"featured_media":683,"comment_status":"closed","ping_status":"closed","sticky":false,"template":"","format":"standard","meta":{"footnotes":""},"categories":[4,7],"tags":[],"class_list":["post-682","post","type-post","status-publish","format-standard","has-post-thumbnail","hentry","category-fabio-porta","category-pd"],"aioseo_notices":[],"_links":{"self":[{"href":"https:\/\/pdemocraticoneuquen.com\/index.php\/wp-json\/wp\/v2\/posts\/682","targetHints":{"allow":["GET"]}}],"collection":[{"href":"https:\/\/pdemocraticoneuquen.com\/index.php\/wp-json\/wp\/v2\/posts"}],"about":[{"href":"https:\/\/pdemocraticoneuquen.com\/index.php\/wp-json\/wp\/v2\/types\/post"}],"author":[{"embeddable":true,"href":"https:\/\/pdemocraticoneuquen.com\/index.php\/wp-json\/wp\/v2\/users\/1"}],"replies":[{"embeddable":true,"href":"https:\/\/pdemocraticoneuquen.com\/index.php\/wp-json\/wp\/v2\/comments?post=682"}],"version-history":[{"count":1,"href":"https:\/\/pdemocraticoneuquen.com\/index.php\/wp-json\/wp\/v2\/posts\/682\/revisions"}],"predecessor-version":[{"id":684,"href":"https:\/\/pdemocraticoneuquen.com\/index.php\/wp-json\/wp\/v2\/posts\/682\/revisions\/684"}],"wp:featuredmedia":[{"embeddable":true,"href":"https:\/\/pdemocraticoneuquen.com\/index.php\/wp-json\/wp\/v2\/media\/683"}],"wp:attachment":[{"href":"https:\/\/pdemocraticoneuquen.com\/index.php\/wp-json\/wp\/v2\/media?parent=682"}],"wp:term":[{"taxonomy":"category","embeddable":true,"href":"https:\/\/pdemocraticoneuquen.com\/index.php\/wp-json\/wp\/v2\/categories?post=682"},{"taxonomy":"post_tag","embeddable":true,"href":"https:\/\/pdemocraticoneuquen.com\/index.php\/wp-json\/wp\/v2\/tags?post=682"}],"curies":[{"name":"wp","href":"https:\/\/api.w.org\/{rel}","templated":true}]}}