{"id":676,"date":"2026-03-10T08:14:20","date_gmt":"2026-03-10T11:14:20","guid":{"rendered":"https:\/\/pdemocraticoneuquen.com\/?p=676"},"modified":"2026-03-10T08:14:20","modified_gmt":"2026-03-10T11:14:20","slug":"el-diputado-italiano-fabio-porta-visito-neuquen-y-destaco-el-potencial-de-vaca-muerta-para-fortalecer-los-vinculos-entre-italia-y-la-patagonia","status":"publish","type":"post","link":"https:\/\/pdemocraticoneuquen.com\/index.php\/2026\/03\/10\/el-diputado-italiano-fabio-porta-visito-neuquen-y-destaco-el-potencial-de-vaca-muerta-para-fortalecer-los-vinculos-entre-italia-y-la-patagonia\/","title":{"rendered":"El diputado italiano Fabio Porta visit\u00f3 Neuqu\u00e9n y destac\u00f3 el potencial de Vaca Muerta para fortalecer los v\u00ednculos entre Italia y la Patagonia"},"content":{"rendered":"\n<p>Durante una agenda de dos d\u00edas, el legislador del Parlamento italiano mantuvo encuentros con la comunidad italiana, autoridades locales y representantes institucionales. Energ\u00eda, ciudadan\u00eda italiana y la posibilidad de instalar un consulado en Neuqu\u00e9n fueron algunos de los temas centrales.<\/p>\n\n\n\n<figure class=\"wp-block-image size-full\"><img loading=\"lazy\" decoding=\"async\" width=\"740\" height=\"640\" src=\"https:\/\/pdemocraticoneuquen.com\/wp-content\/uploads\/2026\/03\/image.png\" alt=\"\" class=\"wp-image-679\" srcset=\"https:\/\/pdemocraticoneuquen.com\/wp-content\/uploads\/2026\/03\/image.png 740w, https:\/\/pdemocraticoneuquen.com\/wp-content\/uploads\/2026\/03\/image-300x259.png 300w\" sizes=\"auto, (max-width: 740px) 100vw, 740px\" \/><\/figure>\n\n\n\n<p>El diputado italiano Fabio Porta, representante del Partido Democr\u00e1tico (PD) por la circunscripci\u00f3n de Am\u00e9rica del Sur en el Parlamento de Italia, visit\u00f3 la ciudad de Neuqu\u00e9n los d\u00edas 4 y 5 de marzo, en el marco de una agenda que incluy\u00f3 encuentros institucionales, actividades con la comunidad italiana y reuniones vinculadas a las oportunidades de cooperaci\u00f3n entre ambos pa\u00edses.<\/p>\n\n\n\n<p>Porta, quien fue elegido por primera vez como diputado en 2008 y reelegido en 2013 y nuevamente en 2022, lleg\u00f3 a la capital neuquina por segunda vez para mantener una serie de actividades orientadas a fortalecer los v\u00ednculos hist\u00f3ricos entre Italia y la regi\u00f3n patag\u00f3nica.<\/p>\n\n\n\n<figure class=\"wp-block-image size-full\"><img loading=\"lazy\" decoding=\"async\" width=\"712\" height=\"686\" src=\"https:\/\/pdemocraticoneuquen.com\/wp-content\/uploads\/2026\/03\/image-1.jpg\" alt=\"\" class=\"wp-image-678\" srcset=\"https:\/\/pdemocraticoneuquen.com\/wp-content\/uploads\/2026\/03\/image-1.jpg 712w, https:\/\/pdemocraticoneuquen.com\/wp-content\/uploads\/2026\/03\/image-1-300x289.jpg 300w\" sizes=\"auto, (max-width: 712px) 100vw, 712px\" \/><\/figure>\n\n\n\n<p>Acto con la comunidad italiana<\/p>\n\n\n\n<p>La primera actividad de la agenda se realiz\u00f3 el 4 de marzo en la Plazoleta Dante Alighieri, ubicada en la intersecci\u00f3n de Avenida Argentina y Rep\u00fablica de Italia. All\u00ed, la asociaci\u00f3n Circolo Cultura Italia organiz\u00f3 un acto patri\u00f3tico durante el cual se iz\u00f3 una nueva bandera italiana donada por la propia instituci\u00f3n.<\/p>\n\n\n\n<p>El encuentro reuni\u00f3 a integrantes de la comunidad italiana local y referentes de la colectividad, en una ceremonia que busc\u00f3 reafirmar los lazos culturales entre Italia y la provincia del Neuqu\u00e9n.<\/p>\n\n\n\n<figure class=\"wp-block-image size-full\"><img loading=\"lazy\" decoding=\"async\" width=\"808\" height=\"646\" src=\"https:\/\/pdemocraticoneuquen.com\/wp-content\/uploads\/2026\/03\/image.jpg\" alt=\"\" class=\"wp-image-677\" srcset=\"https:\/\/pdemocraticoneuquen.com\/wp-content\/uploads\/2026\/03\/image.jpg 808w, https:\/\/pdemocraticoneuquen.com\/wp-content\/uploads\/2026\/03\/image-300x240.jpg 300w, https:\/\/pdemocraticoneuquen.com\/wp-content\/uploads\/2026\/03\/image-768x614.jpg 768w\" sizes=\"auto, (max-width: 808px) 100vw, 808px\" \/><\/figure>\n\n\n\n<p>Encuentro institucional en el Concejo Deliberante<\/p>\n\n\n\n<p>El 5 de marzo, el diputado fue recibido en el Concejo Deliberante de la ciudad de Neuqu\u00e9n, donde mantuvo un encuentro institucional con autoridades locales. Fueron recibidos por Claudia Argumero, presidenta del CD, quien oficio de anfitriona, y el concejal Daniel Figueroa.<\/p>\n\n\n\n<p>Durante la reuni\u00f3n se abordaron distintas oportunidades de cooperaci\u00f3n entre Argentina e Italia, especialmente en \u00e1reas vinculadas al desarrollo econ\u00f3mico, la educaci\u00f3n, el turismo y la inversi\u00f3n.<\/p>\n\n\n\n<p>En ese contexto, Porta tambi\u00e9n comparti\u00f3 detalles sobre el refer\u00e9ndum que actualmente se desarrolla en Italia y reflexion\u00f3 sobre el rol que cumplen los ciudadanos italianos residentes en el exterior dentro de la vida pol\u00edtica y social del pa\u00eds europeo.<\/p>\n\n\n\n<p>Energ\u00eda y Vaca Muerta<\/p>\n\n\n\n<p>Uno de los temas de mayor inter\u00e9s para la regi\u00f3n fue el componente energ\u00e9tico de la visita. Porta destac\u00f3 el papel de ENI, una de las principales compa\u00f1\u00edas energ\u00e9ticas del mundo, que busca ampliar su presencia en la Argentina con proyectos vinculados al desarrollo de Vaca Muerta.<\/p>\n\n\n\n<p>Seg\u00fan el legislador, el crecimiento de la industria energ\u00e9tica en la cuenca neuquina abre oportunidades de cooperaci\u00f3n que pueden extenderse m\u00e1s all\u00e1 del sector hidrocarbur\u00edfero.<\/p>\n\n\n\n<p>En ese sentido, consider\u00f3 que el desarrollo de Vaca Muerta puede convertirse en un puente estrat\u00e9gico para fortalecer las relaciones econ\u00f3micas, tecnol\u00f3gicas y acad\u00e9micas entre Italia y la regi\u00f3n patag\u00f3nica.<\/p>\n\n\n\n<p>La posibilidad de un consulado italiano en Neuqu\u00e9n<\/p>\n\n\n\n<p>Otro de los temas abordados durante la visita fue la posibilidad de avanzar en la instalaci\u00f3n de un consulado italiano en la ciudad de Neuqu\u00e9n.<\/p>\n\n\n\n<p>La iniciativa responde a una demanda hist\u00f3rica de la comunidad \u00edtalo neuquina, que en los \u00faltimos a\u00f1os ha experimentado un aumento significativo en la cantidad de tr\u00e1mites vinculados a ciudadan\u00eda, pasaportes y otros servicios consulares.<\/p>\n\n\n\n<p>Seg\u00fan se inform\u00f3 durante los encuentros, la apertura de una sede consular permitir\u00eda facilitar la gesti\u00f3n de tr\u00e1mites para miles de descendientes italianos que residen en la regi\u00f3n patag\u00f3nica.<\/p>\n\n\n\n<p>Debate por la ciudadan\u00eda italiana<\/p>\n\n\n\n<p>Uno de los puntos m\u00e1s sensibles para la comunidad fue el debate sobre la reciente ley aprobada por el Parlamento italiano que limita la transmisi\u00f3n de la ciudadan\u00eda por sangre.<\/p>\n\n\n\n<p>Porta explic\u00f3 que vot\u00f3 en contra de esa normativa, que gener\u00f3 preocupaci\u00f3n entre las comunidades italianas en el exterior.<\/p>\n\n\n\n<p>El diputado adelant\u00f3 adem\u00e1s que la Corte Constitucional italiana deber\u00e1 pronunciarse sobre la validez de la ley, un fallo que se esperaba para el 11 de marzo. Seg\u00fan se\u00f1al\u00f3, esa decisi\u00f3n podr\u00eda abrir la puerta a revisar o revertir la normativa impulsada por el gobierno de Giorgia Meloni junto al canciller Antonio Tajani.<\/p>\n\n\n\n<p>Refer\u00e9ndum constitucional en Italia<\/p>\n\n\n\n<p>Durante su visita, Porta tambi\u00e9n promovi\u00f3 el voto por el \u201cNo\u201d en el refer\u00e9ndum constitucional convocado por el gobierno italiano, que propone introducir cambios en el funcionamiento de la Justicia<\/p>\n\n\n\n<p>La reforma plantea una separaci\u00f3n m\u00e1s estricta entre las carreras de jueces y fiscales, as\u00ed como una mayor intervenci\u00f3n del Parlamento en la designaci\u00f3n de los \u00f3rganos de gobierno de la magistratura.<\/p>\n\n\n\n<p>El legislador consider\u00f3 que ese debate tiene implicancias institucionales importantes y que los ciudadanos italianos residentes en el exterior tambi\u00e9n deben participar activamente del proceso democr\u00e1tico.<\/p>\n\n\n\n<p>Una comunidad con fuerte presencia en la Patagonia<\/p>\n\n\n\n<p>Durante las actividades en Neuqu\u00e9n, Porta destac\u00f3 que Argentina alberga una de las comunidades italianas m\u00e1s grandes del mundo fuera de Europa, lo que convierte al pa\u00eds en un socio estrat\u00e9gico para Italia en Am\u00e9rica Latina.<\/p>\n\n\n\n<p>En la provincia del Neuqu\u00e9n, la presencia de descendientes italianos tambi\u00e9n forma parte de la historia social de la regi\u00f3n. Muchos de los inmigrantes que llegaron a la Patagonia durante el siglo pasado participaron en el desarrollo del comercio, la construcci\u00f3n, la actividad agr\u00edcola y, m\u00e1s tarde, en los servicios y la industria vinculada al crecimiento urbano de la provincia. Referencia geogr\u00e1fica<\/p>\n\n\n\n<p>Hoy, esa herencia se mantiene viva en instituciones culturales, asociaciones y tradiciones familiares. Sin embargo, referentes de la colectividad se\u00f1alan que el desaf\u00edo actual no deber\u00eda limitarse \u00fanicamente a la tramitaci\u00f3n de la ciudadan\u00eda o a cuestiones administrativas, sino tambi\u00e9n a recuperar y fortalecer los v\u00ednculos culturales, hist\u00f3ricos y humanos que dieron origen a esa relaci\u00f3n, promoviendo el intercambio cultural, educativo y social entre Italia y la regi\u00f3n patag\u00f3nica.<\/p>\n\n\n\n<p>Entre las organizaciones que trabajan por la vinculaci\u00f3n cultural se encuentra el Circolo Cultura Italia, presidido por Gaetano \u201cNino\u201d Amato, referente en la provincia y divulgador incansable de la cultura it\u00e1lica y uno de los impulsores de la visita del legislador. Amato aprovecho la visita del diputado para convocar a la colectividad y sus descendientes a acercarse al Circolo para fortalecer los v\u00ednculos sociales y culturales con Italia.<\/p>\n\n\n\n<p>Circolo Cultura Italia<\/p>\n\n\n\n<p>A lo largo de los \u00faltimos a\u00f1os, el Circolo Cultura Italia de Neuqu\u00e9n se ha consolidado como uno de los principales espacios de difusi\u00f3n y preservaci\u00f3n de la cultura italiana en la regi\u00f3n. A trav\u00e9s de actividades abiertas a la comunidad \u2014como ciclos de cine italiano en el Museo Nacional de Bellas Artes, celebraciones de fechas patrias como la Fiesta de la Rep\u00fablica, presentaciones culturales, charlas, talleres de idioma y expresiones art\u00edsticas\u2014 la instituci\u00f3n mantiene viva la tradici\u00f3n y el v\u00ednculo hist\u00f3rico entre Italia y la Patagonia.<\/p>\n\n\n\n<p>Estas iniciativas no solo convocan a descendientes de inmigrantes italianos, sino tambi\u00e9n a un p\u00fablico m\u00e1s amplio interesado en la historia, la gastronom\u00eda, el arte y las costumbres del pa\u00eds europeo. De esta manera, el Circolo se ha convertido en un puente cultural activo que contribuye a fortalecer la identidad y el intercambio cultural entre Neuqu\u00e9n e Italia.<\/p>\n\n\n\n<p>Italianos en Argentina<\/p>\n\n\n\n<p>La migraci\u00f3n italiana fue uno de los grandes motores demogr\u00e1ficos, culturales y productivos de la Argentina moderna: entre fines del siglo XIX y comienzos del XX, millones de inmigrantes europeos llegaron al pa\u00eds y los italianos tuvieron un peso decisivo en la formaci\u00f3n de ciudades, oficios, comercios, redes asociativas y hasta en la identidad cotidiana argentina, al punto de que hoy la propia diplomacia italiana sigue reconociendo a la Argentina como una de las comunidades italianas m\u00e1s numerosas fuera de Italia.<\/p>\n\n\n\n<p>Ese legado, que ayud\u00f3 a poblar el pa\u00eds, impulsar la econom\u00eda urbana y rural y dejar una marca profunda en la cultura, hoy muestra una paradoja hist\u00f3rica: en un contexto de crisis econ\u00f3mica e incertidumbre local, muchos argentinos descendientes de italianos buscan tramitar la ciudadan\u00eda para abrir una v\u00eda de emigraci\u00f3n o de movilidad hacia Italia y Europa.<\/p>\n\n\n\n<p>Pero ese camino ya no es tan amplio como antes, porque los consulados italianos en la Argentina informaron que desde fines de marzo de 2025 rigen cambios en la normativa sobre ciudadan\u00eda por sangre, con l\u00edmites m\u00e1s estrictos para nuevas solicitudes.<\/p>\n\n\n\n<p>A.G.<\/p>\n","protected":false},"excerpt":{"rendered":"<p>Durante una agenda de dos d\u00edas, el legislador del Parlamento italiano mantuvo encuentros con la comunidad italiana, autoridades locales y representantes institucionales. Energ\u00eda, ciudadan\u00eda italiana y la posibilidad de instalar un consulado en Neuqu\u00e9n fueron algunos de los temas centrales. El diputado italiano Fabio Porta, representante del Partido Democr\u00e1tico (PD) por la circunscripci\u00f3n de Am\u00e9rica &hellip;<\/p>\n","protected":false},"author":1,"featured_media":678,"comment_status":"closed","ping_status":"closed","sticky":false,"template":"","format":"standard","meta":{"footnotes":""},"categories":[4,7],"tags":[11,5,13,14,15],"class_list":["post-676","post","type-post","status-publish","format-standard","has-post-thumbnail","hentry","category-fabio-porta","category-pd","tag-argentina","tag-fabio-porta","tag-neuquen","tag-nino-amato","tag-vaca-muerta"],"aioseo_notices":[],"_links":{"self":[{"href":"https:\/\/pdemocraticoneuquen.com\/index.php\/wp-json\/wp\/v2\/posts\/676","targetHints":{"allow":["GET"]}}],"collection":[{"href":"https:\/\/pdemocraticoneuquen.com\/index.php\/wp-json\/wp\/v2\/posts"}],"about":[{"href":"https:\/\/pdemocraticoneuquen.com\/index.php\/wp-json\/wp\/v2\/types\/post"}],"author":[{"embeddable":true,"href":"https:\/\/pdemocraticoneuquen.com\/index.php\/wp-json\/wp\/v2\/users\/1"}],"replies":[{"embeddable":true,"href":"https:\/\/pdemocraticoneuquen.com\/index.php\/wp-json\/wp\/v2\/comments?post=676"}],"version-history":[{"count":1,"href":"https:\/\/pdemocraticoneuquen.com\/index.php\/wp-json\/wp\/v2\/posts\/676\/revisions"}],"predecessor-version":[{"id":680,"href":"https:\/\/pdemocraticoneuquen.com\/index.php\/wp-json\/wp\/v2\/posts\/676\/revisions\/680"}],"wp:featuredmedia":[{"embeddable":true,"href":"https:\/\/pdemocraticoneuquen.com\/index.php\/wp-json\/wp\/v2\/media\/678"}],"wp:attachment":[{"href":"https:\/\/pdemocraticoneuquen.com\/index.php\/wp-json\/wp\/v2\/media?parent=676"}],"wp:term":[{"taxonomy":"category","embeddable":true,"href":"https:\/\/pdemocraticoneuquen.com\/index.php\/wp-json\/wp\/v2\/categories?post=676"},{"taxonomy":"post_tag","embeddable":true,"href":"https:\/\/pdemocraticoneuquen.com\/index.php\/wp-json\/wp\/v2\/tags?post=676"}],"curies":[{"name":"wp","href":"https:\/\/api.w.org\/{rel}","templated":true}]}}