{"id":642,"date":"2026-02-10T09:40:08","date_gmt":"2026-02-10T12:40:08","guid":{"rendered":"https:\/\/pdemocraticoneuquen.com\/?p=642"},"modified":"2026-02-10T09:40:09","modified_gmt":"2026-02-10T12:40:09","slug":"fabio-porta-pd-sostegno-allucraina-ai-rifugiati-e-alla-liberta-di-informazione-litalia-scelga-senza-ambiguita-da-che-parte-stare","status":"publish","type":"post","link":"https:\/\/pdemocraticoneuquen.com\/index.php\/2026\/02\/10\/fabio-porta-pd-sostegno-allucraina-ai-rifugiati-e-alla-liberta-di-informazione-litalia-scelga-senza-ambiguita-da-che-parte-stare\/","title":{"rendered":"Fabio Porta (PD): \u201cSostegno all\u2019Ucraina, ai rifugiati e alla libert\u00e0 di informazione. L\u2019Italia scelga senza ambiguit\u00e0 da che parte stare\u201d\u00a0"},"content":{"rendered":"\n<p>(Roma, 9 feb. 2026) &#8211; \u00abCon il mio intervento in Aula sulla conversione in legge del decreto Ucraina ho voluto ribadire una posizione chiara: l\u2019Italia deve stare senza esitazioni dalla parte dell\u2019aggredito, del diritto internazionale e dell\u2019Europa, non della legge del pi\u00f9 forte\u00bb, dichiara l\u2019onorevole Fabio Porta.<\/p>\n\n\n\n<p>\u00abIl decreto che abbiamo discusso \u2013 prosegue \u2013 tiene insieme tre piani che per me sono inscindibili: la proroga dell\u2019autorizzazione alla cessione di mezzi e materiali militari a carattere difensivo all\u2019Ucraina, la tutela dei rifugiati ucraini in Italia tramite il rinnovo dei permessi di soggiorno per protezione speciale, e il rafforzamento delle garanzie per i giornalisti freelance che operano nei teatri di guerra. \u00c8 un provvedimento che parla di sicurezza, di diritti e di democrazia allo stesso tempo.\u00bb<\/p>\n\n\n\n<p>Porta sottolinea come il sostegno a Kiev non sia una scelta \u201cmilitarista\u201d, ma la risposta necessaria a una guerra di aggressione che minaccia la sicurezza europea e l\u2019ordine internazionale: \u00abLa Russia ha riportato la guerra nel cuore dell\u2019Europa e mira a far passare come normale ci\u00f2 che normale non \u00e8: la modifica dei confini con le armi, la cancellazione della sovranit\u00e0 di un popolo, il ricatto energetico e militare. Aiutare l\u2019Ucraina a difendersi significa difendere anche la nostra sicurezza e la credibilit\u00e0 dell\u2019Europa.\u00bb<\/p>\n\n\n\n<p>Al tempo stesso, il deputato del Partito Democratico richiama la dimensione umanitaria del decreto: \u00abLa proroga dei permessi di soggiorno per i cittadini ucraini fino al 4 marzo 2027 \u00e8 un atto di civilt\u00e0 e coerenza. Parliamo di famiglie, donne, bambini che hanno trovato in Italia un rifugio sicuro. Offrire loro stabilit\u00e0 e diritti non \u00e8 una concessione, ma un dovere morale e giuridico, in linea con le decisioni europee e con la nostra Costituzione.\u00bb<\/p>\n\n\n\n<p>Un passaggio centrale dell\u2019intervento \u00e8 stato anche quello dedicato alla libert\u00e0 di stampa: \u00abLe norme a tutela dei giornalisti freelance inviati in aree di conflitto \u2013 formazione sulla sicurezza e copertura assicurativa a carico degli editori, con un sostegno pubblico iniziale \u2013 rappresentano un passo avanti importante. Senza il lavoro di questi cronisti, spesso precari e poco tutelati, non avremmo immagini e testimonianze fondamentali su ci\u00f2 che accade in Ucraina e negli altri scenari di crisi. Proteggere chi informa significa difendere il diritto dei cittadini alla verit\u00e0.\u00bb<\/p>\n\n\n\n<p>Porta non risparmia critiche alla linea del Governo: \u00abDa tempo denunciamo le ambiguit\u00e0 della maggioranza: da un lato, in Aula, si riconosce la necessit\u00e0 di sostenere l\u2019Ucraina; dall\u2019altro, si tollerano o si alimentano posizioni filoputiniane, si strizza l\u2019occhio a chi attacca l\u2019Unione europea, si inseguono rapporti personali che indeboliscono il ruolo comune dell\u2019Europa. Cos\u00ec si compromette la credibilit\u00e0 internazionale dell\u2019Italia. Servono meno oscillazioni e pi\u00f9 coerenza europeista.\u00bb<\/p>\n\n\n\n<p>\u00abIl Partito Democratico \u2013 conclude Fabio Porta \u2013 ha scelto una linea limpida: sostegno all\u2019Ucraina, accoglienza dei rifugiati, difesa della libert\u00e0 di informazione, dentro un quadro europeo e multilaterale forte. Il decreto che abbiamo sostenuto va in questa direzione. Di fronte al ritorno della guerra nel nostro continente, non possiamo permetterci zone grigie: \u00e8 il momento di dire con chiarezza da che parte sta l\u2019Italia.\u00bb<\/p>\n","protected":false},"excerpt":{"rendered":"<p>(Roma, 9 feb. 2026) &#8211; \u00abCon il mio intervento in Aula sulla conversione in legge del decreto Ucraina ho voluto ribadire una posizione chiara: l\u2019Italia deve stare senza esitazioni dalla parte dell\u2019aggredito, del diritto internazionale e dell\u2019Europa, non della legge del pi\u00f9 forte\u00bb, dichiara l\u2019onorevole Fabio Porta. \u00abIl decreto che abbiamo discusso \u2013 prosegue \u2013 &hellip;<\/p>\n","protected":false},"author":1,"featured_media":643,"comment_status":"closed","ping_status":"closed","sticky":false,"template":"","format":"standard","meta":{"footnotes":""},"categories":[4,7],"tags":[],"class_list":["post-642","post","type-post","status-publish","format-standard","has-post-thumbnail","hentry","category-fabio-porta","category-pd"],"aioseo_notices":[],"_links":{"self":[{"href":"https:\/\/pdemocraticoneuquen.com\/index.php\/wp-json\/wp\/v2\/posts\/642","targetHints":{"allow":["GET"]}}],"collection":[{"href":"https:\/\/pdemocraticoneuquen.com\/index.php\/wp-json\/wp\/v2\/posts"}],"about":[{"href":"https:\/\/pdemocraticoneuquen.com\/index.php\/wp-json\/wp\/v2\/types\/post"}],"author":[{"embeddable":true,"href":"https:\/\/pdemocraticoneuquen.com\/index.php\/wp-json\/wp\/v2\/users\/1"}],"replies":[{"embeddable":true,"href":"https:\/\/pdemocraticoneuquen.com\/index.php\/wp-json\/wp\/v2\/comments?post=642"}],"version-history":[{"count":1,"href":"https:\/\/pdemocraticoneuquen.com\/index.php\/wp-json\/wp\/v2\/posts\/642\/revisions"}],"predecessor-version":[{"id":644,"href":"https:\/\/pdemocraticoneuquen.com\/index.php\/wp-json\/wp\/v2\/posts\/642\/revisions\/644"}],"wp:featuredmedia":[{"embeddable":true,"href":"https:\/\/pdemocraticoneuquen.com\/index.php\/wp-json\/wp\/v2\/media\/643"}],"wp:attachment":[{"href":"https:\/\/pdemocraticoneuquen.com\/index.php\/wp-json\/wp\/v2\/media?parent=642"}],"wp:term":[{"taxonomy":"category","embeddable":true,"href":"https:\/\/pdemocraticoneuquen.com\/index.php\/wp-json\/wp\/v2\/categories?post=642"},{"taxonomy":"post_tag","embeddable":true,"href":"https:\/\/pdemocraticoneuquen.com\/index.php\/wp-json\/wp\/v2\/tags?post=642"}],"curies":[{"name":"wp","href":"https:\/\/api.w.org\/{rel}","templated":true}]}}