{"id":639,"date":"2026-02-01T08:27:24","date_gmt":"2026-02-01T11:27:24","guid":{"rendered":"https:\/\/pdemocraticoneuquen.com\/?p=639"},"modified":"2026-02-01T08:27:25","modified_gmt":"2026-02-01T11:27:25","slug":"vecchi-pd-carta-di-identita-senza-scadenza-per-gli-over-70-un-risultato-importante-grazie-alliniziativa-del-partito-democratico","status":"publish","type":"post","link":"https:\/\/pdemocraticoneuquen.com\/index.php\/2026\/02\/01\/vecchi-pd-carta-di-identita-senza-scadenza-per-gli-over-70-un-risultato-importante-grazie-alliniziativa-del-partito-democratico\/","title":{"rendered":"Vecchi (Pd): \u00abCarta di identit\u00e0 senza scadenza per gli over 70. Un risultato importante grazie all&#8217;iniziativa del Partito Democratico\u00bb"},"content":{"rendered":"\n<p>\u00abL&#8217;estensione senza scadenza della validit\u00e0 della&nbsp;<strong>Carta d&#8217;identit\u00e0 elettronica<\/strong>&nbsp;per i cittadini italiani di oltre 70 anni \u00e8 un grande risultato ottenuto grazie all&#8217;iniziativa dei rappresentanti del Partito Democratico eletti all&#8217;estero e della rete del PD nel mondo.\u00bb<\/p>\n\n\n\n<p>\u00abSu iniziativa, qualche anno fa, in particolare della rete del PD in Spagna, e dell&#8217;on.Toni Ricciardi si \u00e8 avviato un percorso parlamentare che ha portato a un risultato che semplifica la vita ai nostri connazionali residenti all&#8217;estero e rende pi\u00f9 agevole il lavoro delle nostre rappresentanze consolari.\u00bb<\/p>\n\n\n\n<p>\u00abPur dall&#8217;opposizione siamo riusciti ad ottenere un altro risultato importante per gli italiani nel mondo grazie alla nostra capillare ed effettiva presenza nelle comunit\u00e0 italiane all&#8217;estero.\u00bb<\/p>\n\n\n\n<p>\u00ab\u00c8 la dimostrazione &#8211; conclude il rappresentante del Partito Democratico &#8211; che conoscere e rappresentare le esigenze degli italiani che vivono nei cinque Continenti fa la differenza nel promuovere diritti e cittadinanza.\u00bb<\/p>\n\n\n\n<p>Cos\u00ec ha dichiarato Luciano Vecchi, Responsabile per gli italiani all&#8217;estero del Partito.<\/p>\n","protected":false},"excerpt":{"rendered":"<p>\u00abL&#8217;estensione senza scadenza della validit\u00e0 della&nbsp;Carta d&#8217;identit\u00e0 elettronica&nbsp;per i cittadini italiani di oltre 70 anni \u00e8 un grande risultato ottenuto grazie all&#8217;iniziativa dei rappresentanti del Partito Democratico eletti all&#8217;estero e della rete del PD nel mondo.\u00bb \u00abSu iniziativa, qualche anno fa, in particolare della rete del PD in Spagna, e dell&#8217;on.Toni Ricciardi si \u00e8 avviato &hellip;<\/p>\n","protected":false},"author":1,"featured_media":640,"comment_status":"closed","ping_status":"closed","sticky":false,"template":"","format":"standard","meta":{"footnotes":""},"categories":[7],"tags":[],"class_list":["post-639","post","type-post","status-publish","format-standard","has-post-thumbnail","hentry","category-pd"],"aioseo_notices":[],"_links":{"self":[{"href":"https:\/\/pdemocraticoneuquen.com\/index.php\/wp-json\/wp\/v2\/posts\/639","targetHints":{"allow":["GET"]}}],"collection":[{"href":"https:\/\/pdemocraticoneuquen.com\/index.php\/wp-json\/wp\/v2\/posts"}],"about":[{"href":"https:\/\/pdemocraticoneuquen.com\/index.php\/wp-json\/wp\/v2\/types\/post"}],"author":[{"embeddable":true,"href":"https:\/\/pdemocraticoneuquen.com\/index.php\/wp-json\/wp\/v2\/users\/1"}],"replies":[{"embeddable":true,"href":"https:\/\/pdemocraticoneuquen.com\/index.php\/wp-json\/wp\/v2\/comments?post=639"}],"version-history":[{"count":1,"href":"https:\/\/pdemocraticoneuquen.com\/index.php\/wp-json\/wp\/v2\/posts\/639\/revisions"}],"predecessor-version":[{"id":641,"href":"https:\/\/pdemocraticoneuquen.com\/index.php\/wp-json\/wp\/v2\/posts\/639\/revisions\/641"}],"wp:featuredmedia":[{"embeddable":true,"href":"https:\/\/pdemocraticoneuquen.com\/index.php\/wp-json\/wp\/v2\/media\/640"}],"wp:attachment":[{"href":"https:\/\/pdemocraticoneuquen.com\/index.php\/wp-json\/wp\/v2\/media?parent=639"}],"wp:term":[{"taxonomy":"category","embeddable":true,"href":"https:\/\/pdemocraticoneuquen.com\/index.php\/wp-json\/wp\/v2\/categories?post=639"},{"taxonomy":"post_tag","embeddable":true,"href":"https:\/\/pdemocraticoneuquen.com\/index.php\/wp-json\/wp\/v2\/tags?post=639"}],"curies":[{"name":"wp","href":"https:\/\/api.w.org\/{rel}","templated":true}]}}