{"id":637,"date":"2026-01-28T18:24:05","date_gmt":"2026-01-28T21:24:05","guid":{"rendered":"https:\/\/pdemocraticoneuquen.com\/?p=637"},"modified":"2026-01-28T18:24:05","modified_gmt":"2026-01-28T21:24:05","slug":"1946-2026-ottanta-anni-di-repubblica-italiana","status":"publish","type":"post","link":"https:\/\/pdemocraticoneuquen.com\/index.php\/2026\/01\/28\/1946-2026-ottanta-anni-di-repubblica-italiana\/","title":{"rendered":"1946-2026: OTTANTA ANNI DI REPUBBLICA ITALIANA"},"content":{"rendered":"\n<p>Un anniversario importante, al centro del discorso di fine anno del Presidente Mattarella<\/p>\n\n\n\n<p>Le celebrazioni per gli ottanta anni della liberazione dal nazi-fascismo si sono appena concluse e proseguiranno con un ideale collegamento storico e valoriale con quelle per la proclamazione della Repubblica a seguito del referendum del 2 giugno del 1946.<\/p>\n\n\n\n<p>Se gli 85 anni di monarchia, quelli succeduti all&#8217;unit\u00e0 d&#8217;Italia, furono drammaticamente attraversati da ben due conflitti mondiali (con il carico di morti e distruzione che la guerra ha comportato) gli ottanta anni repubblicani hanno coinciso con il pi\u00f9 lungo periodo di pace che l&#8217;Italia abbia mai avuto e che tutti noi speriamo possa ancora proseguire nonostante le nubi sempre pi\u00f9 minacciose che si addensano sul pianeta.<\/p>\n\n\n\n<p>Il Presidente della Repubblica Sergio Mattarella ha voluto dedicare a questo anniversario e al ricordo delle otto decadi di vita della Repubblica il suo tradizionale discorso di fine anno, ripercorrendo alcune delle tappe pi\u00f9 significative della nostra storia: dalla firma dei Trattati di Roma nel 1957 (forse il documento pi\u00f9 importante della storia dell&#8217;Unione Europea) agli anni di piombo segnati dalle stragi e dal terrorismo, dalle grandi conquiste sportive alla lotta alla mafia culminata con l&#8217;assassinio dei giudici Giovanni Falcone e Paolo Borsellino.<\/p>\n\n\n\n<p>Il Presidente ha ricordato che la storia della Repubblica italiana \u00e8 una storia di successo, sottolineando come nel corso dei decenni l&#8217;Italia sia passata dalla povert\u00e0 del dopo-guerra alla prosperit\u00e0 di un Paese \u00abdi rilievo sulla scena internazionale\u00bb.&nbsp;Non ha mancato di citare alcuni problemi attuali, in particolare \u00abpovert\u00e0, diseguaglianze, ingiustizie, corruzione, infedelt\u00e0 fiscale, reati ambientali\u00bb. Pur non sottovalutando le difficolt\u00e0 e le criticit\u00e0 del momento attuale ha cercato comunque di trasmettere un messaggio di ottimismo, dicendo che \u00abnessun ostacolo \u00e8 pi\u00f9 forte della nostra democrazia\u00bb, concludendo con un forte appello ai giovani, invitandoli a essere \u00abesigenti e coraggiosi\u00bb, e a \u00absentirsi responsabili come la generazione che, ottant&#8217;anni fa, costru\u00ec l&#8217;Italia moderna\u00bb.<\/p>\n\n\n\n<p>Il clima di incertezza sul piano internazionale con il quale si \u00e8 aperto questo 2026 rende le parole del Presidente e il suo commosso omaggio alla forza della democrazia ancora pi\u00f9 attuali, soprattutto se collegate al crescente attacco al multilateralismo e al prevalere della logica della forza su quella del dialogo e della diplomazia.<\/p>\n\n\n\n<p>L&#8217;Italia e l&#8217;Unione Europea (il cui progetto di pace e integrazione nasce all&#8217;indomani del secondo grande conflitto mondiale) devono recuperare orgogliosamente e responsabilmente i valori alla base della loro \u00abcostituency\u00bb; un patto scritto ma soprattutto un progetto ideale al quale per decenni il mondo ha guardato con speranza e grande interesse. Una sfida che oggi facciamo fatica a rilanciare a causa dell&#8217;attacco sempre pi\u00f9 forte al diritto internazionale da parte di quanti vorrebbero riproporre la logica delle superpotenze e la spartizione del mondo che caratterizz\u00f2 gli anni della \u00abguerra fredda\u00bb tra USA e Unione Sovietica. Un salto all&#8217;indietro che pregiudicherebbe proprio il futuro delle giovani generazioni alle quali il Presidente ha voluto dedicare il suo messaggio e rivolto l&#8217;appello pi\u00f9 accorato e sincero.<\/p>\n","protected":false},"excerpt":{"rendered":"<p>Un anniversario importante, al centro del discorso di fine anno del Presidente Mattarella Le celebrazioni per gli ottanta anni della liberazione dal nazi-fascismo si sono appena concluse e proseguiranno con un ideale collegamento storico e valoriale con quelle per la proclamazione della Repubblica a seguito del referendum del 2 giugno del 1946. Se gli 85 &hellip;<\/p>\n","protected":false},"author":1,"featured_media":250,"comment_status":"closed","ping_status":"closed","sticky":false,"template":"","format":"standard","meta":{"footnotes":""},"categories":[4,7],"tags":[],"class_list":["post-637","post","type-post","status-publish","format-standard","has-post-thumbnail","hentry","category-fabio-porta","category-pd"],"aioseo_notices":[],"_links":{"self":[{"href":"https:\/\/pdemocraticoneuquen.com\/index.php\/wp-json\/wp\/v2\/posts\/637","targetHints":{"allow":["GET"]}}],"collection":[{"href":"https:\/\/pdemocraticoneuquen.com\/index.php\/wp-json\/wp\/v2\/posts"}],"about":[{"href":"https:\/\/pdemocraticoneuquen.com\/index.php\/wp-json\/wp\/v2\/types\/post"}],"author":[{"embeddable":true,"href":"https:\/\/pdemocraticoneuquen.com\/index.php\/wp-json\/wp\/v2\/users\/1"}],"replies":[{"embeddable":true,"href":"https:\/\/pdemocraticoneuquen.com\/index.php\/wp-json\/wp\/v2\/comments?post=637"}],"version-history":[{"count":1,"href":"https:\/\/pdemocraticoneuquen.com\/index.php\/wp-json\/wp\/v2\/posts\/637\/revisions"}],"predecessor-version":[{"id":638,"href":"https:\/\/pdemocraticoneuquen.com\/index.php\/wp-json\/wp\/v2\/posts\/637\/revisions\/638"}],"wp:featuredmedia":[{"embeddable":true,"href":"https:\/\/pdemocraticoneuquen.com\/index.php\/wp-json\/wp\/v2\/media\/250"}],"wp:attachment":[{"href":"https:\/\/pdemocraticoneuquen.com\/index.php\/wp-json\/wp\/v2\/media?parent=637"}],"wp:term":[{"taxonomy":"category","embeddable":true,"href":"https:\/\/pdemocraticoneuquen.com\/index.php\/wp-json\/wp\/v2\/categories?post=637"},{"taxonomy":"post_tag","embeddable":true,"href":"https:\/\/pdemocraticoneuquen.com\/index.php\/wp-json\/wp\/v2\/tags?post=637"}],"curies":[{"name":"wp","href":"https:\/\/api.w.org\/{rel}","templated":true}]}}