{"id":635,"date":"2026-01-28T18:22:55","date_gmt":"2026-01-28T21:22:55","guid":{"rendered":"https:\/\/pdemocraticoneuquen.com\/?p=635"},"modified":"2026-01-28T18:22:56","modified_gmt":"2026-01-28T21:22:56","slug":"giorno-della-memoria-dichiarazione-dellon-fabio-porta-pd","status":"publish","type":"post","link":"https:\/\/pdemocraticoneuquen.com\/index.php\/2026\/01\/28\/giorno-della-memoria-dichiarazione-dellon-fabio-porta-pd\/","title":{"rendered":"Giorno della Memoria: dichiarazione dell&#8217;On. Fabio Porta (PD)"},"content":{"rendered":"\n<p>\u00abIn questa giornata, in cui l&#8217;Italia e il mondo ricordano la Shoah, le leggi razziali e la persecuzione degli ebrei e di tutti i deportati nei campi di sterminio, mi rivolgo in modo speciale alle comunit\u00e0 italiane del Sud America, parte essenziale della nostra storia nazionale.<\/p>\n\n\n\n<p>Il Giorno della Memoria non \u00e8 una cerimonia formale, ma un impegno: dire &#8216;mai pi\u00f9&#8217; all&#8217;odio, al razzismo, all&#8217;antisemitismo, a ogni ideologia che neghi la dignit\u00e0 umana. Come deputato eletto nella Circoscrizione Estero \u2013 Ripartizione America Meridionale, so che le nostre comunit\u00e0 in Argentina, Brasile, Uruguay, Cile, Venezuela e in tutto il continente latinoamericano conoscono bene, per esperienza storica, il valore della libert\u00e0, della democrazia e dei diritti umani.<\/p>\n\n\n\n<p>Alle nuove generazioni di italo-discendenti voglio dire che la memoria \u00e8 scelta di presente: significa rifiutare ogni discorso d&#8217;odio, rispettare le minoranze, difendere chi \u00e8 pi\u00f9 fragile. In questo 27 gennaio, invito tutte le nostre comunit\u00e0 a promuovere momenti di riflessione e testimonianza: far vivere la memoria della Shoah, anche lontano dall&#8217;Europa, vuol dire contribuire a un mondo pi\u00f9 giusto e pi\u00f9 umano, per gli italiani in patria e per gli italiani nel mondo.\u00bb<\/p>\n\n\n\n<p>ON. FABIO PORTA&nbsp;&nbsp;(Eletto nella Circoscrizione estera &#8211; Ripartizione Sud America)<\/p>\n","protected":false},"excerpt":{"rendered":"<p>\u00abIn questa giornata, in cui l&#8217;Italia e il mondo ricordano la Shoah, le leggi razziali e la persecuzione degli ebrei e di tutti i deportati nei campi di sterminio, mi rivolgo in modo speciale alle comunit\u00e0 italiane del Sud America, parte essenziale della nostra storia nazionale. Il Giorno della Memoria non \u00e8 una cerimonia formale, &hellip;<\/p>\n","protected":false},"author":1,"featured_media":503,"comment_status":"closed","ping_status":"closed","sticky":false,"template":"","format":"standard","meta":{"footnotes":""},"categories":[4,7],"tags":[],"class_list":["post-635","post","type-post","status-publish","format-standard","has-post-thumbnail","hentry","category-fabio-porta","category-pd"],"aioseo_notices":[],"_links":{"self":[{"href":"https:\/\/pdemocraticoneuquen.com\/index.php\/wp-json\/wp\/v2\/posts\/635","targetHints":{"allow":["GET"]}}],"collection":[{"href":"https:\/\/pdemocraticoneuquen.com\/index.php\/wp-json\/wp\/v2\/posts"}],"about":[{"href":"https:\/\/pdemocraticoneuquen.com\/index.php\/wp-json\/wp\/v2\/types\/post"}],"author":[{"embeddable":true,"href":"https:\/\/pdemocraticoneuquen.com\/index.php\/wp-json\/wp\/v2\/users\/1"}],"replies":[{"embeddable":true,"href":"https:\/\/pdemocraticoneuquen.com\/index.php\/wp-json\/wp\/v2\/comments?post=635"}],"version-history":[{"count":1,"href":"https:\/\/pdemocraticoneuquen.com\/index.php\/wp-json\/wp\/v2\/posts\/635\/revisions"}],"predecessor-version":[{"id":636,"href":"https:\/\/pdemocraticoneuquen.com\/index.php\/wp-json\/wp\/v2\/posts\/635\/revisions\/636"}],"wp:featuredmedia":[{"embeddable":true,"href":"https:\/\/pdemocraticoneuquen.com\/index.php\/wp-json\/wp\/v2\/media\/503"}],"wp:attachment":[{"href":"https:\/\/pdemocraticoneuquen.com\/index.php\/wp-json\/wp\/v2\/media?parent=635"}],"wp:term":[{"taxonomy":"category","embeddable":true,"href":"https:\/\/pdemocraticoneuquen.com\/index.php\/wp-json\/wp\/v2\/categories?post=635"},{"taxonomy":"post_tag","embeddable":true,"href":"https:\/\/pdemocraticoneuquen.com\/index.php\/wp-json\/wp\/v2\/tags?post=635"}],"curies":[{"name":"wp","href":"https:\/\/api.w.org\/{rel}","templated":true}]}}