{"id":632,"date":"2026-01-28T18:12:40","date_gmt":"2026-01-28T21:12:40","guid":{"rendered":"https:\/\/pdemocraticoneuquen.com\/?p=632"},"modified":"2026-01-28T18:12:41","modified_gmt":"2026-01-28T21:12:41","slug":"leredita-di-domenico-de-masi-a-roma-la-presentazione-di-conversas-sobre-o-futuro-promossa-dallassociazione-di-amicizia-italia-brasile-e-dallistituto-guimaraes-rosa","status":"publish","type":"post","link":"https:\/\/pdemocraticoneuquen.com\/index.php\/2026\/01\/28\/leredita-di-domenico-de-masi-a-roma-la-presentazione-di-conversas-sobre-o-futuro-promossa-dallassociazione-di-amicizia-italia-brasile-e-dallistituto-guimaraes-rosa\/","title":{"rendered":"L&#8217;eredit\u00e0 di Domenico De Masi: a Roma la presentazione di \u00abConversas sobre o futuro\u00bb promossa dall&#8217;Associazione di Amicizia Italia\u2013Brasile e dall&#8217;Istituto Guimar\u00e3es Rosa"},"content":{"rendered":"\n<p>Luned\u00ec 2 febbraio 2026, alle ore 17.00, presso l&#8217;Istituto Guimar\u00e3es Rosa (piazza Navona 18), si terr\u00e0 la presentazione di \u00abConversas sobre o futuro\u00bb, edizione brasiliana del volume \u00abConversazioni sul futuro\u00bb, pubblicato in Italia da PaperFirst.<\/p>\n\n\n\n<p>Le \u00abConversazioni sul Futuro\u00bb sono il frutto di una serie di incontri tra Domenico De Masi e il giornalista Giulio Gambino, svoltisi tra dicembre 2021 e maggio 2023 nella casa romana del grande sociologo italiano: un dialogo informale ma serrato, rievocativo e introspettivo, tra due generazioni divise da mezzo secolo, nel quale il professor De Masi ripercorre la propria vita, la formazione e le esperienze personali che hanno plasmato il suo pensiero.<\/p>\n\n\n\n<p>In una preziosa rivisitazione della sua carriera, De Masi affronta con lucidit\u00e0 alcuni tra gli argomenti pi\u00f9 divisivi del nostro tempo, offrendo chiavi di lettura ai problemi esistenziali dell&#8217;uomo nell&#8217;et\u00e0 post-industriale, con particolare attenzione alle trasformazioni del lavoro e della societ\u00e0.<\/p>\n\n\n\n<p>All&#8217;incontro, aperto dai saluti iniziali dell&#8217;Ambasciatore del Brasile a Roma, Renato Mosca, e dell&#8217;On. Fabio Porta, discuteranno del libro Giulio Gambino, Massimo Canevacci e Roberto Panzarani.<\/p>\n","protected":false},"excerpt":{"rendered":"<p>Luned\u00ec 2 febbraio 2026, alle ore 17.00, presso l&#8217;Istituto Guimar\u00e3es Rosa (piazza Navona 18), si terr\u00e0 la presentazione di \u00abConversas sobre o futuro\u00bb, edizione brasiliana del volume \u00abConversazioni sul futuro\u00bb, pubblicato in Italia da PaperFirst. Le \u00abConversazioni sul Futuro\u00bb sono il frutto di una serie di incontri tra Domenico De Masi e il giornalista Giulio &hellip;<\/p>\n","protected":false},"author":1,"featured_media":633,"comment_status":"closed","ping_status":"closed","sticky":false,"template":"","format":"standard","meta":{"footnotes":""},"categories":[4,7],"tags":[],"class_list":["post-632","post","type-post","status-publish","format-standard","has-post-thumbnail","hentry","category-fabio-porta","category-pd"],"aioseo_notices":[],"_links":{"self":[{"href":"https:\/\/pdemocraticoneuquen.com\/index.php\/wp-json\/wp\/v2\/posts\/632","targetHints":{"allow":["GET"]}}],"collection":[{"href":"https:\/\/pdemocraticoneuquen.com\/index.php\/wp-json\/wp\/v2\/posts"}],"about":[{"href":"https:\/\/pdemocraticoneuquen.com\/index.php\/wp-json\/wp\/v2\/types\/post"}],"author":[{"embeddable":true,"href":"https:\/\/pdemocraticoneuquen.com\/index.php\/wp-json\/wp\/v2\/users\/1"}],"replies":[{"embeddable":true,"href":"https:\/\/pdemocraticoneuquen.com\/index.php\/wp-json\/wp\/v2\/comments?post=632"}],"version-history":[{"count":1,"href":"https:\/\/pdemocraticoneuquen.com\/index.php\/wp-json\/wp\/v2\/posts\/632\/revisions"}],"predecessor-version":[{"id":634,"href":"https:\/\/pdemocraticoneuquen.com\/index.php\/wp-json\/wp\/v2\/posts\/632\/revisions\/634"}],"wp:featuredmedia":[{"embeddable":true,"href":"https:\/\/pdemocraticoneuquen.com\/index.php\/wp-json\/wp\/v2\/media\/633"}],"wp:attachment":[{"href":"https:\/\/pdemocraticoneuquen.com\/index.php\/wp-json\/wp\/v2\/media?parent=632"}],"wp:term":[{"taxonomy":"category","embeddable":true,"href":"https:\/\/pdemocraticoneuquen.com\/index.php\/wp-json\/wp\/v2\/categories?post=632"},{"taxonomy":"post_tag","embeddable":true,"href":"https:\/\/pdemocraticoneuquen.com\/index.php\/wp-json\/wp\/v2\/tags?post=632"}],"curies":[{"name":"wp","href":"https:\/\/api.w.org\/{rel}","templated":true}]}}