{"id":627,"date":"2026-01-25T15:42:41","date_gmt":"2026-01-25T18:42:41","guid":{"rendered":"https:\/\/pdemocraticoneuquen.com\/?p=627"},"modified":"2026-01-25T15:42:42","modified_gmt":"2026-01-25T18:42:42","slug":"porta-pd-cittadinanza-emendamenti-al-milleproroghe-per-tutelare-i-diritti-dei-minori","status":"publish","type":"post","link":"https:\/\/pdemocraticoneuquen.com\/index.php\/2026\/01\/25\/porta-pd-cittadinanza-emendamenti-al-milleproroghe-per-tutelare-i-diritti-dei-minori\/","title":{"rendered":"Porta (Pd): Cittadinanza, emendamenti al Milleproroghe per tutelare i diritti dei minori"},"content":{"rendered":"\n<p>L\u2019On. Fabio Porta ha presentato un emendamento al decreto \u201cmilleproroghe\u201d, sottoscritto anche dagli altri tre parlamentari del Partito Democratico eletti all\u2019estero, Car\u00e8, Di Sanzo e Ricciardi, che interviene in modo puntuale sulla disciplina della cittadinanza dei minori figli di cittadini italiani residenti fuori dall\u2019Italia.<\/p>\n\n\n\n<p>L\u2019emendamento estende espressamente l\u2019esenzione dal contributo di 250 euro anche ai minori nati prima del 25 maggio 2025, rientranti nel regime transitorio previsto dall\u2019articolo 1, comma 1-ter, del decreto-legge 36\/2025, evitando cos\u00ec una penalizzazione economica per molte famiglie italiane all\u2019estero.<\/p>\n\n\n\n<p>Il testo presentato da Porta sostituisce, inoltre, il termine fisso del 31 maggio 2026 con un termine triennale, allineando i cosiddetti \u201cpre Tajani\u201d ai minori nati successivamente per quanto riguarda il periodo disponibile per la dichiarazione di cittadinanza, ferma restando la soglia del compimento della maggiore et\u00e0. In questo modo si elimina una disparit\u00e0 di trattamento che rischiava di colpire proprio i figli delle comunit\u00e0 italiane gi\u00e0 esistenti all\u2019estero, introducendo un quadro pi\u00f9 equilibrato e coerente.<\/p>\n\n\n\n<p>L\u2019On. Porta e gli altri parlamentari PD eletti all\u2019estero hanno, inoltre, sottoscritto l\u2019emendamento presentato dall\u2019On. Di Sanzo (PD), che rafforza ulteriormente le tutele prevedendo la possibilit\u00e0 di procedere alla dichiarazione di cittadinanza fino al compimento del diciottesimo anno di et\u00e0 dell\u2019interessato.<\/p>\n\n\n\n<p>Le due iniziative, tra loro complementari, mirano a garantire che n\u00e9 i limiti temporali n\u00e9 gli oneri economici possano ostacolare l\u2019esercizio effettivo del diritto di cittadinanza da parte dei figli degli italiani nel mondo.<\/p>\n","protected":false},"excerpt":{"rendered":"<p>L\u2019On. Fabio Porta ha presentato un emendamento al decreto \u201cmilleproroghe\u201d, sottoscritto anche dagli altri tre parlamentari del Partito Democratico eletti all\u2019estero, Car\u00e8, Di Sanzo e Ricciardi, che interviene in modo puntuale sulla disciplina della cittadinanza dei minori figli di cittadini italiani residenti fuori dall\u2019Italia. L\u2019emendamento estende espressamente l\u2019esenzione dal contributo di 250 euro anche ai &hellip;<\/p>\n","protected":false},"author":1,"featured_media":628,"comment_status":"closed","ping_status":"closed","sticky":false,"template":"","format":"standard","meta":{"footnotes":""},"categories":[4,7],"tags":[],"class_list":["post-627","post","type-post","status-publish","format-standard","has-post-thumbnail","hentry","category-fabio-porta","category-pd"],"aioseo_notices":[],"_links":{"self":[{"href":"https:\/\/pdemocraticoneuquen.com\/index.php\/wp-json\/wp\/v2\/posts\/627","targetHints":{"allow":["GET"]}}],"collection":[{"href":"https:\/\/pdemocraticoneuquen.com\/index.php\/wp-json\/wp\/v2\/posts"}],"about":[{"href":"https:\/\/pdemocraticoneuquen.com\/index.php\/wp-json\/wp\/v2\/types\/post"}],"author":[{"embeddable":true,"href":"https:\/\/pdemocraticoneuquen.com\/index.php\/wp-json\/wp\/v2\/users\/1"}],"replies":[{"embeddable":true,"href":"https:\/\/pdemocraticoneuquen.com\/index.php\/wp-json\/wp\/v2\/comments?post=627"}],"version-history":[{"count":1,"href":"https:\/\/pdemocraticoneuquen.com\/index.php\/wp-json\/wp\/v2\/posts\/627\/revisions"}],"predecessor-version":[{"id":629,"href":"https:\/\/pdemocraticoneuquen.com\/index.php\/wp-json\/wp\/v2\/posts\/627\/revisions\/629"}],"wp:featuredmedia":[{"embeddable":true,"href":"https:\/\/pdemocraticoneuquen.com\/index.php\/wp-json\/wp\/v2\/media\/628"}],"wp:attachment":[{"href":"https:\/\/pdemocraticoneuquen.com\/index.php\/wp-json\/wp\/v2\/media?parent=627"}],"wp:term":[{"taxonomy":"category","embeddable":true,"href":"https:\/\/pdemocraticoneuquen.com\/index.php\/wp-json\/wp\/v2\/categories?post=627"},{"taxonomy":"post_tag","embeddable":true,"href":"https:\/\/pdemocraticoneuquen.com\/index.php\/wp-json\/wp\/v2\/tags?post=627"}],"curies":[{"name":"wp","href":"https:\/\/api.w.org\/{rel}","templated":true}]}}