{"id":613,"date":"2025-12-22T08:41:00","date_gmt":"2025-12-22T11:41:00","guid":{"rendered":"https:\/\/pdemocraticoneuquen.com\/?p=613"},"modified":"2025-12-22T08:45:07","modified_gmt":"2025-12-22T11:45:07","slug":"porta-pd-da-400-giorni-alberto-trentini-in-un-carcere-venezuelano-tra-errori-della-nostra-diplomazia-e-il-rischio-delloblio","status":"publish","type":"post","link":"https:\/\/pdemocraticoneuquen.com\/index.php\/2025\/12\/22\/porta-pd-da-400-giorni-alberto-trentini-in-un-carcere-venezuelano-tra-errori-della-nostra-diplomazia-e-il-rischio-delloblio\/","title":{"rendered":"PORTA (PD): DA 400 GIORNI ALBERTO TRENTINI IN UN CARCERE VENEZUELANO. TRA ERRORI DELLA NOSTRA DIPLOMAZIA E IL RISCHIO DELL&#8217;OBLIO"},"content":{"rendered":"\n<p>Un giovane italiano, un coraggioso cooperante, una persona innocente si trova da 400 giorni e 400 notti chiuso in una prigione del Venezuela. \u00c8 Alberto Trentini. La sua famiglia ha ragione a reclamare a gran voce un maggiore impegno dello Stato italiano per la sua liberazione.<\/p>\n\n\n\n<p>\u00c8 trascorso quasi un anno da quando insieme ai deputati del Partito Democratico presentai una prima interrogazione parlamentare chiedendo al governo italiano di mettere in atto tutti gli sforzi necessari per garantire il suo immediato rientro in Italia. Abbiamo rispettato l&#8217;accordo di discrezione e riservatezza che il governo ci chiedeva per agevolare le trattative e i contatti con le autorit\u00e0 venezuelane. Ciononostante, e a distanza di oltre un anno dall&#8217;arresto di Trentini non possiamo esimerci dal denunciare la mancanza di una iniziativa politica adeguata alla gravit\u00e0 del caso.<\/p>\n\n\n\n<p>Non \u00e8 mai stata attivata un&#8217;interlocuzione al livello politico richiesto dal regime venezuelano; l&#8217;importante e da noi auspicata missione dell&#8217;inviato speciale Luigi Vignali si \u00e8 arenata a causa di mai chiarite difficolt\u00e0 di coordinamento diplomatico e organizzativo e una missione parlamentare della commissione esteri della Camera \u00e8 stata pi\u00f9 volte rinviata per l&#8217;assenza di un via libera da parte del governo. Quando poi deflagrava l&#8217;iniziativa militare degli Stati Uniti sulle coste dei Caraibi che rendeva pi\u00f9 tesi e complicati i rapporti del Venezuela con i Paesi occidentali, mentre la Francia di Macron otteneva la libert\u00e0 del cooperante Camilo Castro il Ministro degli Esteri Tajani dichiarava che della liberazione dei detenuti italiani in Venezuela se ne sarebbero occupati proprio gli USA a seguito del suo colloquio con il Segretario di Stato Rubio; una dichiarazione che ha avuto l&#8217;unico effetto di rendere ancora pi\u00f9 rigido l&#8217;atteggiamento di Maduro.<\/p>\n\n\n\n<figure class=\"wp-block-image size-large\"><img loading=\"lazy\" decoding=\"async\" width=\"805\" height=\"1024\" src=\"https:\/\/pdemocraticoneuquen.com\/wp-content\/uploads\/2025\/12\/ZAS-805x1024.png\" alt=\"\" class=\"wp-image-614\" srcset=\"https:\/\/pdemocraticoneuquen.com\/wp-content\/uploads\/2025\/12\/ZAS-805x1024.png 805w, https:\/\/pdemocraticoneuquen.com\/wp-content\/uploads\/2025\/12\/ZAS-236x300.png 236w, https:\/\/pdemocraticoneuquen.com\/wp-content\/uploads\/2025\/12\/ZAS-768x976.png 768w, https:\/\/pdemocraticoneuquen.com\/wp-content\/uploads\/2025\/12\/ZAS.png 1080w\" sizes=\"auto, (max-width: 805px) 100vw, 805px\" \/><\/figure>\n\n\n\n<p>Tutto questo avviene sulla pelle di Alberto Trentini, di Biagio Pilieri (il politico e giornalista venezuelano figlio di emigrati siciliani) e di altri connazionali attualmente ancora detenuti nelle dure carceri di un governo autoritario e dispotico. Alla vigilia del Natale \u00e8 difficile accettare che ancora una volta la famiglia di Alberto Trentini non potr\u00e0 essere riunita in pace e serenit\u00e0; anche per questo abbiamo il dovere di moltiplicare tutti gli sforzi e di evitare sottovalutazioni ed errori che una vicenda del genere non poteva e non doveva avere fin dal primo giorno.<\/p>\n","protected":false},"excerpt":{"rendered":"<p>Un giovane italiano, un coraggioso cooperante, una persona innocente si trova da 400 giorni e 400 notti chiuso in una prigione del Venezuela. \u00c8 Alberto Trentini. La sua famiglia ha ragione a reclamare a gran voce un maggiore impegno dello Stato italiano per la sua liberazione. \u00c8 trascorso quasi un anno da quando insieme ai &hellip;<\/p>\n","protected":false},"author":1,"featured_media":614,"comment_status":"closed","ping_status":"closed","sticky":false,"template":"","format":"standard","meta":{"footnotes":""},"categories":[4],"tags":[],"class_list":["post-613","post","type-post","status-publish","format-standard","has-post-thumbnail","hentry","category-fabio-porta"],"aioseo_notices":[],"_links":{"self":[{"href":"https:\/\/pdemocraticoneuquen.com\/index.php\/wp-json\/wp\/v2\/posts\/613","targetHints":{"allow":["GET"]}}],"collection":[{"href":"https:\/\/pdemocraticoneuquen.com\/index.php\/wp-json\/wp\/v2\/posts"}],"about":[{"href":"https:\/\/pdemocraticoneuquen.com\/index.php\/wp-json\/wp\/v2\/types\/post"}],"author":[{"embeddable":true,"href":"https:\/\/pdemocraticoneuquen.com\/index.php\/wp-json\/wp\/v2\/users\/1"}],"replies":[{"embeddable":true,"href":"https:\/\/pdemocraticoneuquen.com\/index.php\/wp-json\/wp\/v2\/comments?post=613"}],"version-history":[{"count":2,"href":"https:\/\/pdemocraticoneuquen.com\/index.php\/wp-json\/wp\/v2\/posts\/613\/revisions"}],"predecessor-version":[{"id":618,"href":"https:\/\/pdemocraticoneuquen.com\/index.php\/wp-json\/wp\/v2\/posts\/613\/revisions\/618"}],"wp:featuredmedia":[{"embeddable":true,"href":"https:\/\/pdemocraticoneuquen.com\/index.php\/wp-json\/wp\/v2\/media\/614"}],"wp:attachment":[{"href":"https:\/\/pdemocraticoneuquen.com\/index.php\/wp-json\/wp\/v2\/media?parent=613"}],"wp:term":[{"taxonomy":"category","embeddable":true,"href":"https:\/\/pdemocraticoneuquen.com\/index.php\/wp-json\/wp\/v2\/categories?post=613"},{"taxonomy":"post_tag","embeddable":true,"href":"https:\/\/pdemocraticoneuquen.com\/index.php\/wp-json\/wp\/v2\/tags?post=613"}],"curies":[{"name":"wp","href":"https:\/\/api.w.org\/{rel}","templated":true}]}}