{"id":611,"date":"2025-12-22T08:35:54","date_gmt":"2025-12-22T11:35:54","guid":{"rendered":"https:\/\/pdemocraticoneuquen.com\/?p=611"},"modified":"2025-12-22T08:43:39","modified_gmt":"2025-12-22T11:43:39","slug":"025-finisce-un-annus-horribilis-per-gli-italiani-nel-mondo","status":"publish","type":"post","link":"https:\/\/pdemocraticoneuquen.com\/index.php\/2025\/12\/22\/025-finisce-un-annus-horribilis-per-gli-italiani-nel-mondo\/","title":{"rendered":"2025: FINISCE UN \u00abANNUS HORRIBILIS\u00bb PER GLI ITALIANI NEL MONDO"},"content":{"rendered":"\n<p>Era iniziato con l&#8217;aumento della tassa sulla cittadinanza, l&#8217;eliminazione dell&#8217;indennit\u00e0 di disoccupazione e la sospensione dell&#8217;aumento delle pensioni; \u00e8 proseguita con il famoso \u00abdecreto della vergogna\u00bb e la nuova legge sulla cittadinanza; si sta concludendo con una pessima legge di bilancio e le ombre pesanti sul voto all&#8217;estero e sul possibile rinvio delle elezioni di Comites e CGIE.<\/p>\n\n\n\n<p>Nel 2026 ricorderemo i primi venti anni da quando si vot\u00f2 per la prima volta per la Circoscrizione Estero e in questi due decenni mai un governo si era accanito con tanto cinismo sui diritti delle grandi comunit\u00e0 italiane all&#8217;estero. In Parlamento \u00e8 stato evidente a tutti come soltanto il Partito Democratico abbia combattuto con seriet\u00e0 e coerenza contro questo attentato continuo ai nostri diritti, non soltanto nella epica battaglia in commissione e in aula sulla cittadinanza ma su tutti i provvedimenti legislativi che riguardavano gli interessi e i servizi degli italiani all&#8217;estero.<\/p>\n\n\n\n<p>Una battaglia che ha portato alcuni risultati: dalla possibilit\u00e0 per gli italiani all&#8217;estero di richiedere ai Comuni italiani la carta di identit\u00e0 elettronica all&#8217;esenzione dalla tassa sulla casa nei piccoli centri e nelle aree interne per gli emigrati; dalla proroga al 2018 per l&#8217;avvio della centralizzazione a Roma delle pratiche di cittadinanza all&#8217;introduzione per l&#8217;anno scolastico in corso dello studio dell&#8217;emigrazione italiana; dalle risorse aggiuntive per il funzionamento dei Comites al trasferimento ai consolati di parte di quanto ricavato per l&#8217;emissione dei passaporti. Tutte proposte di legge o emendamenti presentati dai parlamentari del Partito Democratico che dimostrano che anche dall&#8217;opposizione \u00e8 possibile ottenere importanti risultati e che indicano chiaramente agli italiani nel mondo come soltanto il PD potr\u00e0 garantire anche in futuro non solo la difesa dei nostri diritti ma anche (direi soprattutto!) la valorizzazione del patrimonio ancora poco conosciuto e utilizzato costituito dai 7 milioni di italiani all&#8217;estero e dai settanta milioni di italo-discendenti. Tutto questo mentre l&#8217;Italia continua ad essere attanagliata da una crisi demografica quasi irreversibile (che avrebbe bisogno di politiche inclusive sulla cittadinanza, a partire da quella dei nostri concittadini nati all&#8217;estero) e mentre nel mondo \u00e8 in atto una vera e propria guerra al multilateralismo che dovrebbe consigliare all&#8217;Italia e all&#8217;Europa di investire in maniera decisa sul rapporto con i Paesi dove vivono le maggiori nostre collettivit\u00e0 all&#8217;estero, a partire dal Mercosul e dal Sudamerica.<\/p>\n\n\n\n<p>Se il 2025 si chiude con nuvole e ombre, il 2026 si preannuncia con altrettante insidie e preoccupazioni, a partire dal tentativo di includere nella nuova legge elettorale italiana elementi che diminuiscono la partecipazione democratica degli italiani nel mondo, indebolendo il sistema di rappresentanza che fino ad oggi costituiva un motivo di orgoglio nonch\u00e9 un esempio che tanti Paesi hanno provato a seguire ed imitare.<\/p>\n\n\n\n<p>Per questi motivi abbiamo bisogno di rafforzare anche i meccanismi di informazione e comunicazione per e tra gli italiani all&#8217;estero; la disinformazione \u00e8 infatti l&#8217;arma principale utilizzata tanto da chi vuole continuare a colpire i nostri diritti quanto da quei movimenti che cercano di nascondere sui &#8216;social&#8217; la complicit\u00e0 con il governo e l&#8217;assenza di iniziativa parlamentare.<\/p>\n\n\n\n<p>Che il 2026 sia l&#8217;anno del riscatto, quindi, perch\u00e9 dopo la notte viene sempre il giorno!<\/p>\n\n\n\n<p>Fabio Porta<\/p>\n","protected":false},"excerpt":{"rendered":"<p>Era iniziato con l&#8217;aumento della tassa sulla cittadinanza, l&#8217;eliminazione dell&#8217;indennit\u00e0 di disoccupazione e la sospensione dell&#8217;aumento delle pensioni; \u00e8 proseguita con il famoso \u00abdecreto della vergogna\u00bb e la nuova legge sulla cittadinanza; si sta concludendo con una pessima legge di bilancio e le ombre pesanti sul voto all&#8217;estero e sul possibile rinvio delle elezioni di &hellip;<\/p>\n","protected":false},"author":1,"featured_media":465,"comment_status":"closed","ping_status":"closed","sticky":false,"template":"","format":"standard","meta":{"footnotes":""},"categories":[4,7],"tags":[],"class_list":["post-611","post","type-post","status-publish","format-standard","has-post-thumbnail","hentry","category-fabio-porta","category-pd"],"aioseo_notices":[],"_links":{"self":[{"href":"https:\/\/pdemocraticoneuquen.com\/index.php\/wp-json\/wp\/v2\/posts\/611","targetHints":{"allow":["GET"]}}],"collection":[{"href":"https:\/\/pdemocraticoneuquen.com\/index.php\/wp-json\/wp\/v2\/posts"}],"about":[{"href":"https:\/\/pdemocraticoneuquen.com\/index.php\/wp-json\/wp\/v2\/types\/post"}],"author":[{"embeddable":true,"href":"https:\/\/pdemocraticoneuquen.com\/index.php\/wp-json\/wp\/v2\/users\/1"}],"replies":[{"embeddable":true,"href":"https:\/\/pdemocraticoneuquen.com\/index.php\/wp-json\/wp\/v2\/comments?post=611"}],"version-history":[{"count":2,"href":"https:\/\/pdemocraticoneuquen.com\/index.php\/wp-json\/wp\/v2\/posts\/611\/revisions"}],"predecessor-version":[{"id":616,"href":"https:\/\/pdemocraticoneuquen.com\/index.php\/wp-json\/wp\/v2\/posts\/611\/revisions\/616"}],"wp:featuredmedia":[{"embeddable":true,"href":"https:\/\/pdemocraticoneuquen.com\/index.php\/wp-json\/wp\/v2\/media\/465"}],"wp:attachment":[{"href":"https:\/\/pdemocraticoneuquen.com\/index.php\/wp-json\/wp\/v2\/media?parent=611"}],"wp:term":[{"taxonomy":"category","embeddable":true,"href":"https:\/\/pdemocraticoneuquen.com\/index.php\/wp-json\/wp\/v2\/categories?post=611"},{"taxonomy":"post_tag","embeddable":true,"href":"https:\/\/pdemocraticoneuquen.com\/index.php\/wp-json\/wp\/v2\/tags?post=611"}],"curies":[{"name":"wp","href":"https:\/\/api.w.org\/{rel}","templated":true}]}}