{"id":599,"date":"2025-12-03T16:05:14","date_gmt":"2025-12-03T19:05:14","guid":{"rendered":"https:\/\/pdemocraticoneuquen.com\/?p=599"},"modified":"2025-12-03T16:05:14","modified_gmt":"2025-12-03T19:05:14","slug":"porta-pd-serve-chiarezza-immediata-in-argentina-centinaia-di-cittadini-penalizzati-dallassenza-di-direttive-sulla-cittadinanza-presentata-interrogazione-al-maeci","status":"publish","type":"post","link":"https:\/\/pdemocraticoneuquen.com\/index.php\/2025\/12\/03\/porta-pd-serve-chiarezza-immediata-in-argentina-centinaia-di-cittadini-penalizzati-dallassenza-di-direttive-sulla-cittadinanza-presentata-interrogazione-al-maeci\/","title":{"rendered":"Porta (PD): \u00abServe chiarezza immediata: in Argentina centinaia di cittadini penalizzati dall&#8217;assenza di direttive sulla cittadinanza. Presentata interrogazione al MAECI\u00bb"},"content":{"rendered":"\n<p>\u00abNon possiamo permettere che incertezze legislative o ritardi amministrativi si traducano in penalizzazioni per cittadini che hanno agito in buona fede e secondo le regole. La rete consolare deve essere un presidio di certezza e non di disorientamento\u00bb \u2013 afferma l&#8217;On. Fabio Porta, annunciando la presentazione di un&#8217;interrogazione parlamentare al Ministro degli Affari Esteri e della Cooperazione Internazionale.<\/p>\n\n\n\n<p>La segnalazione, proveniente anche dall&#8217;Assemblea Continentale dell&#8217;America Latina del CGIE, conferma che centinaia di cittadini presso i consolati di Buenos Aires, La Plata e Mar del Plata, con appuntamenti fissati tra il 28 marzo e il 24 maggio 2025 per il riconoscimento della cittadinanza, si sono trovati nell&#8217;impossibilit\u00e0 di presentare la domanda. La normativa in fase di conversione avrebbe infatti comportato il rigetto automatico delle richieste, con perdita della tassa consolare e della documentazione depositata.<\/p>\n\n\n\n<p>Una gestione disomogenea della rete consolare italiana ha aggravato la situazione: mentre in Paesi come il Brasile gli appuntamenti sono stati sospesi e riprogrammati in modo coordinato, in Argentina si sono registrate prassi divergenti tra sedi diverse, con conseguenti disparit\u00e0 di trattamento e incertezza per gli utenti.<\/p>\n\n\n\n<p>Nell&#8217;interrogazione depositata, l&#8217;On. Porta chiede al MAECI di spiegare l&#8217;assenza di una direttiva chiara e uniforme, di intervenire per riprogrammare gli appuntamenti fissati nel periodo critico e di adottare misure strutturali per garantire trasparenza, equit\u00e0 e coerenza operativa in tutta la rete diplomatica e consolare.<\/p>\n\n\n\n<p>\u00abIl rispetto dei cittadini passa attraverso un&#8217;amministrazione che funziona, parla con una voce sola e tutela chi si affida alle nostre istituzioni. \u00c8 necessario un intervento rapido e credibile per ristabilire fiducia e garantire che episodi di questo tipo non si ripetano\u00bb \u2013 conclude l&#8217;On.&nbsp;Porta.<\/p>\n\n\n\n<p>\u00abPorta (PD): &#8216;Se necesita claridad inmediata: cientos de ciudadanos en Argentina penalizados por la ausencia de directivas sobre ciudadan\u00eda. Presentada interpelaci\u00f3n al MAECI'\u00bb<\/p>\n\n\n\n<p>\u00abNo podemos permitir que las incertidumbres legislativas o los retrasos administrativos se traduzcan en penalizaciones para ciudadanos que han actuado de buena fe y seg\u00fan las reglas. La red consular debe ser un basti\u00f3n de certeza y no de desorientaci\u00f3n\u00bb, afirma el Honorable Fabio Porta, anunciando la presentaci\u00f3n de una interpelaci\u00f3n parlamentaria al Ministro de Asuntos Exteriores y Cooperaci\u00f3n Internacional (MAECI).<\/p>\n\n\n\n<p>La se\u00f1alizaci\u00f3n, proveniente tambi\u00e9n de la Asamblea Continental de Am\u00e9rica Latina del CGIE, confirma que cientos de ciudadanos en los consulados de Buenos Aires, La Plata y Mar del Plata, con citas programadas entre el 28 de marzo y el 24 de mayo de 2025 para el reconocimiento de la ciudadan\u00eda, se encontraron imposibilitados de presentar la solicitud. La normativa en fase de conversi\u00f3n habr\u00eda implicado el rechazo autom\u00e1tico de las solicitudes, con la p\u00e9rdida de la tasa consular y de la documentaci\u00f3n depositada.<\/p>\n\n\n\n<p>Una gesti\u00f3n heterog\u00e9nea de la red consular italiana ha agravado la situaci\u00f3n: mientras que en pa\u00edses como Brasil las citas fueron suspendidas y reprogramadas de manera coordinada, en Argentina se registraron pr\u00e1cticas divergentes entre distintas sedes, con las consecuentes disparidades de tratamiento e incertidumbre para los usuarios.<\/p>\n\n\n\n<p>En la interpelaci\u00f3n depositada, el H. Porta solicita al MAECI que explique la ausencia de una directiva clara y uniforme, que intervenga para reprogramar las citas fijadas en el per\u00edodo cr\u00edtico y que adopte medidas estructurales para garantizar transparencia, equidad y coherencia operativa en toda la red diplom\u00e1tica y consular.<\/p>\n\n\n\n<p>\u00abEl respeto de los ciudadanos pasa a trav\u00e9s de una administraci\u00f3n que funciona, habla con una sola voz y tutela a quienes conf\u00edan en nuestras instituciones. Es necesaria una intervenci\u00f3n r\u00e1pida y cre\u00edble para restablecer la confianza y garantizar que episodios de este tipo no se repitan\u00bb, concluye el H. Porta.<\/p>\n","protected":false},"excerpt":{"rendered":"<p>\u00abNon possiamo permettere che incertezze legislative o ritardi amministrativi si traducano in penalizzazioni per cittadini che hanno agito in buona fede e secondo le regole. La rete consolare deve essere un presidio di certezza e non di disorientamento\u00bb \u2013 afferma l&#8217;On. Fabio Porta, annunciando la presentazione di un&#8217;interrogazione parlamentare al Ministro degli Affari Esteri e &hellip;<\/p>\n","protected":false},"author":1,"featured_media":478,"comment_status":"closed","ping_status":"closed","sticky":false,"template":"","format":"standard","meta":{"footnotes":""},"categories":[4,7],"tags":[],"class_list":["post-599","post","type-post","status-publish","format-standard","has-post-thumbnail","hentry","category-fabio-porta","category-pd"],"aioseo_notices":[],"_links":{"self":[{"href":"https:\/\/pdemocraticoneuquen.com\/index.php\/wp-json\/wp\/v2\/posts\/599","targetHints":{"allow":["GET"]}}],"collection":[{"href":"https:\/\/pdemocraticoneuquen.com\/index.php\/wp-json\/wp\/v2\/posts"}],"about":[{"href":"https:\/\/pdemocraticoneuquen.com\/index.php\/wp-json\/wp\/v2\/types\/post"}],"author":[{"embeddable":true,"href":"https:\/\/pdemocraticoneuquen.com\/index.php\/wp-json\/wp\/v2\/users\/1"}],"replies":[{"embeddable":true,"href":"https:\/\/pdemocraticoneuquen.com\/index.php\/wp-json\/wp\/v2\/comments?post=599"}],"version-history":[{"count":1,"href":"https:\/\/pdemocraticoneuquen.com\/index.php\/wp-json\/wp\/v2\/posts\/599\/revisions"}],"predecessor-version":[{"id":600,"href":"https:\/\/pdemocraticoneuquen.com\/index.php\/wp-json\/wp\/v2\/posts\/599\/revisions\/600"}],"wp:featuredmedia":[{"embeddable":true,"href":"https:\/\/pdemocraticoneuquen.com\/index.php\/wp-json\/wp\/v2\/media\/478"}],"wp:attachment":[{"href":"https:\/\/pdemocraticoneuquen.com\/index.php\/wp-json\/wp\/v2\/media?parent=599"}],"wp:term":[{"taxonomy":"category","embeddable":true,"href":"https:\/\/pdemocraticoneuquen.com\/index.php\/wp-json\/wp\/v2\/categories?post=599"},{"taxonomy":"post_tag","embeddable":true,"href":"https:\/\/pdemocraticoneuquen.com\/index.php\/wp-json\/wp\/v2\/tags?post=599"}],"curies":[{"name":"wp","href":"https:\/\/api.w.org\/{rel}","templated":true}]}}