{"id":597,"date":"2025-12-02T20:24:57","date_gmt":"2025-12-02T23:24:57","guid":{"rendered":"https:\/\/pdemocraticoneuquen.com\/?p=597"},"modified":"2025-12-02T20:24:57","modified_gmt":"2025-12-02T23:24:57","slug":"porta-pd-negato-il-bonus-di-natale-di-154-euro-ai-pensionati-italiani-poveri-residenti-allestero","status":"publish","type":"post","link":"https:\/\/pdemocraticoneuquen.com\/index.php\/2025\/12\/02\/porta-pd-negato-il-bonus-di-natale-di-154-euro-ai-pensionati-italiani-poveri-residenti-allestero\/","title":{"rendered":"PORTA (PD): NEGATO IL BONUS DI NATALE DI 154 EURO AI PENSIONATI ITALIANI \u00abPOVERI\u00bb RESIDENTI ALL&#8217;ESTERO"},"content":{"rendered":"\n<p>Tutti gli anni l&#8217;Inps emana un messaggio dove, senza spiegarne i motivi, ci informa che l&#8217;importo aggiuntivo di 154 euro (art. 70, comma 7, della legge 23 dicembre 2000, n. 388) corrisposto con la tredicesima del mese di dicembre&nbsp;&nbsp;a tutte le pensioni pari o inferiori al trattamento minimo (e a patto che i beneficiari soddisfino specifici limiti reddituali) non sar\u00e0 pagato alle pensioni&nbsp;&nbsp;detassate in virt\u00f9 di una convenzione internazionale bilaterale sulla doppia imposizione. Vengono escluse dall&#8217;attribuzione del beneficio dunque tutte le pensioni dei residenti all&#8217;estero i quali hanno richiesto all&#8217;Inps la detassazione della loro pensione, sia in convenzione che autonoma, secondo quanto stabilito dalla convenzione contro le doppie imposizioni fiscali stipulata dall&#8217;Italia con il Paese di emigrazione.<\/p>\n\n\n\n<p>Giova ricordare che quasi tutte le pensioni erogate all&#8217;estero sono detassate alla fonte dall&#8217;Inps e tassate dal Paese di residenza perch\u00e9 cos\u00ec \u00e8 stabilito dalla stragrande maggioranza delle convenzioni contro le doppie imposizioni fiscali stipulate dall&#8217;Italia. Ci\u00f2 significa che a quasi tutti i potenziali aventi diritto (si presume migliaia di pensionati italiani residenti all&#8217;estero) viene negato il diritto ai 154 euro del cosiddetto importo aggiuntivo erogato con la mensilit\u00e0 di dicembre. Stranamente quest&#8217;anno l&#8217;Inps non ha emanato il solito messaggio (nel mese di novembre) con le indicazioni relative alle modalit\u00e0 di attribuzione dell&#8217;importo aggiuntivo introdotto dal 2001 e alla platea di beneficiari aventi diritto, ma si presume che come indicato tutti gli anni siano state escluse dalla lavorazione e quindi dal diritto \u00able pensioni detassate per la convenzione sulla doppia imposizione\u00bb<\/p>\n\n\n\n<p>Ma cosa \u00e8 e quali sono i requisiti pensionistici e reddituali necessari per aver diritto all&#8217;importo aggiuntivo?<\/p>\n\n\n\n<p>L&#8217;importo aggiuntivo \u00e8 un&#8217;erogazione supplementare alla pensione, pari a 154,94 euro, introdotta dalla legge finanziaria 2001 (art. 70, legge 23 dicembre 2000, n. 388) e riconosciuta a chi percepisce una o pi\u00f9 pensioni con un importo complessivo non superiore al trattamento minimo e che si trovi in determinate condizioni reddituali. Per il 2025 (il limite di importo annuo della pensione (comprensivo delle maggiorazioni sociali e delle pensioni o pro-rata esteri) (e determinato in base all&#8217;indice di perequazione definitivo) non deve superare i 7.936,87 euro (se l&#8217;importo delle pensioni \u00e8 compreso fra 7.936,87 e 8.091,81 euro il bonus viene erogato in misura ridotta). Sempre per il 2025 i limiti reddituali da non superare (ipotizzando una rivalutazione automatica delle pensioni \u2013 che ancora non \u00e8 stata ufficialmente comunicata \u2013 dell&#8217;1,4%)&nbsp;&nbsp;dovrebbero essere 11,766,30 euro quello individuale e 23.532.60 quello coniugale.<\/p>\n\n\n\n<p>Nei casi in cui il pensionato sia titolare anche di prestazioni liquidate in regime di convenzione internazionale, per la verifica del limite reddituale viene considerato anche l&#8217;importo della pensione estera (o pro-rata), in aggiunta all&#8217;importo delle pensioni italiane.<\/p>\n\n\n\n<p>Per il tetto di reddito, non si calcolano i trattamenti di famiglia, la casa d&#8217;abitazione e pertinenze, i trattamenti di fine rapporto, i redditi derivanti da competenze arretrate sottoposte a tassazione separata. La decisione dell&#8217;Inps di escludere (nonostante secondo noi ne abbiano il diritto)&nbsp;&nbsp;dal pagamento dell&#8217;importo aggiuntivo di 154 euro i pensionati italiani residenti all&#8217;estero solo perch\u00e9 hanno richiesto la detassazione della loro pensione&nbsp;&nbsp;cos\u00ec come d&#8217;altronde previsto dalla normativa fiscale internazionale, appare giuridicamente infondata (non lo prevede nessuna disposizione legislativa nazionale e convenzionale)&nbsp;&nbsp;e inoltre non \u00e8 giustificata da alcuna inferenza logico-deduttiva delle norme in vigore ed in particolare della stessa legge istitutiva della prestazione (e cio\u00e8 della legge n. 388\/2000, articolo 70, commi da 7 a 10) che non menziona restrizioni di natura fiscale ma solo reddituali. Tanto \u00e8 vero che ai pensionati residenti all&#8217;estero che hanno chiesto la detassazione delle loro pensioni vengono comunque erogate la quattordicesima a luglio e le perequazioni automatiche tutti gli anni a partire dal mese di gennaio.<\/p>\n\n\n\n<p>Non si capisce quindi perch\u00e9 non viene erogato invece l&#8217;importo aggiuntivo, alla luce soprattutto della considerazione che la detassazione in Italia non \u00e8 affatto una agevolazione ma un semplice meccanismo per evitare una ingiusta doppia imposizione fiscale. Vengono colpiti da questa penalizzante decisione soprattutto i pensionati pi\u00f9 poveri, ossia quelli residenti in America latina, le cui pensioni sono detassate in Italia e tassate nel Paese di residenza e i cui importi pensionistici complessivi sono spesso pari o inferiori al trattamento minimo italiano.<\/p>\n\n\n\n<p>Continueremo ad adoperarci affinch\u00e8 il Governo, il Ministero del Lavoro e l&#8217;Inps finalmente chiariscano in maniera inequivocabile questa iniquit\u00e0 e rispondano alle nostre sollecitazioni e rivendicazioni.<\/p>\n","protected":false},"excerpt":{"rendered":"<p>Tutti gli anni l&#8217;Inps emana un messaggio dove, senza spiegarne i motivi, ci informa che l&#8217;importo aggiuntivo di 154 euro (art. 70, comma 7, della legge 23 dicembre 2000, n. 388) corrisposto con la tredicesima del mese di dicembre&nbsp;&nbsp;a tutte le pensioni pari o inferiori al trattamento minimo (e a patto che i beneficiari soddisfino &hellip;<\/p>\n","protected":false},"author":1,"featured_media":503,"comment_status":"closed","ping_status":"closed","sticky":false,"template":"","format":"standard","meta":{"footnotes":""},"categories":[4,7],"tags":[],"class_list":["post-597","post","type-post","status-publish","format-standard","has-post-thumbnail","hentry","category-fabio-porta","category-pd"],"aioseo_notices":[],"_links":{"self":[{"href":"https:\/\/pdemocraticoneuquen.com\/index.php\/wp-json\/wp\/v2\/posts\/597","targetHints":{"allow":["GET"]}}],"collection":[{"href":"https:\/\/pdemocraticoneuquen.com\/index.php\/wp-json\/wp\/v2\/posts"}],"about":[{"href":"https:\/\/pdemocraticoneuquen.com\/index.php\/wp-json\/wp\/v2\/types\/post"}],"author":[{"embeddable":true,"href":"https:\/\/pdemocraticoneuquen.com\/index.php\/wp-json\/wp\/v2\/users\/1"}],"replies":[{"embeddable":true,"href":"https:\/\/pdemocraticoneuquen.com\/index.php\/wp-json\/wp\/v2\/comments?post=597"}],"version-history":[{"count":1,"href":"https:\/\/pdemocraticoneuquen.com\/index.php\/wp-json\/wp\/v2\/posts\/597\/revisions"}],"predecessor-version":[{"id":598,"href":"https:\/\/pdemocraticoneuquen.com\/index.php\/wp-json\/wp\/v2\/posts\/597\/revisions\/598"}],"wp:featuredmedia":[{"embeddable":true,"href":"https:\/\/pdemocraticoneuquen.com\/index.php\/wp-json\/wp\/v2\/media\/503"}],"wp:attachment":[{"href":"https:\/\/pdemocraticoneuquen.com\/index.php\/wp-json\/wp\/v2\/media?parent=597"}],"wp:term":[{"taxonomy":"category","embeddable":true,"href":"https:\/\/pdemocraticoneuquen.com\/index.php\/wp-json\/wp\/v2\/categories?post=597"},{"taxonomy":"post_tag","embeddable":true,"href":"https:\/\/pdemocraticoneuquen.com\/index.php\/wp-json\/wp\/v2\/tags?post=597"}],"curies":[{"name":"wp","href":"https:\/\/api.w.org\/{rel}","templated":true}]}}