{"id":590,"date":"2025-12-01T07:34:30","date_gmt":"2025-12-01T10:34:30","guid":{"rendered":"https:\/\/pdemocraticoneuquen.com\/?p=590"},"modified":"2025-12-01T07:34:31","modified_gmt":"2025-12-01T10:34:31","slug":"assistenza-sanitaria-agli-italiani-nel-mondo-approvato-lodg-porta-che-apre-alla-progressivita-del-contributo","status":"publish","type":"post","link":"https:\/\/pdemocraticoneuquen.com\/index.php\/2025\/12\/01\/assistenza-sanitaria-agli-italiani-nel-mondo-approvato-lodg-porta-che-apre-alla-progressivita-del-contributo\/","title":{"rendered":"ASSISTENZA SANITARIA AGLI ITALIANI NEL MONDO: APPROVATO L&#8217;ODG PORTA CHE APRE ALLA PROGRESSIVIT\u00c0 DEL CONTRIBUTO"},"content":{"rendered":"\n<p>La Camera dei deputati ha approvato la proposta di legge A.C. 1042-A ed abbinate, che consente ai cittadini italiani iscritti all&#8217;AIRE e residenti in Paesi extra UE ed extra EFTA di aderire volontariamente al Servizio sanitario nazionale tramite un contributo annuale. Le norme attualmente in vigore restano immutate: chi risiede all&#8217;estero senza una copertura sanitaria locale continuer\u00e0 ad avere accesso esclusivamente alle cure urgenti per un periodo limitato. Il provvedimento passa ora all&#8217;esame del Senato.<\/p>\n\n\n\n<p>Nel corso del dibattito parlamentare, l&#8217;on. Fabio Porta (PD-IDP) ha sottolineato la necessit\u00e0 di criteri pi\u00f9 equi per il calcolo del contributo, chiedendo che l&#8217;importo non sia uniforme ma proporzionato al reddito e al potere d&#8217;acquisto del Paese di residenza. Una richiesta particolarmente sentita nelle comunit\u00e0 italiane dell&#8217;America meridionale, dove le condizioni economiche sono spesso molto diverse da quelle nordamericani ed europee.<\/p>\n\n\n\n<p>Questi principi, proposti da Porta nell&#8217;emendamento poi respinto dal Governo, sono stati tuttavia ripresi e integrati nell&#8217;ordine del giorno 9\/1042-A\/3, successivamente accolto dall&#8217;Aula. L&#8217;odg impegna l&#8217;Esecutivo a valutare, nei futuri provvedimenti legislativi e nel rispetto dei vincoli di finanza pubblica, una riduzione progressiva del contributo richiesto agli italiani AIRE extra UE ed extra EFTA, in coerenza con i principi costituzionali di equit\u00e0, universalit\u00e0 e solidariet\u00e0. Un orientamento politico che riporta al centro del confronto parlamentare la necessit\u00e0 di tenere conto delle differenti condizioni economiche dei connazionali nel mondo.<\/p>\n\n\n\n<p>\u00abPrendiamo questa approvazione come un segnale utile per mantenere alta l&#8217;attenzione \u2013 ha dichiarato Porta \u2013 e per fare in modo che la proposta di legge ampli davvero i diritti dei nostri connazionali senza compromettere l&#8217;esistente. Continueremo a batterci perch\u00e9 il contributo sia proporzionato e sostenibile per tutti.\u00bb<\/p>\n","protected":false},"excerpt":{"rendered":"<p>La Camera dei deputati ha approvato la proposta di legge A.C. 1042-A ed abbinate, che consente ai cittadini italiani iscritti all&#8217;AIRE e residenti in Paesi extra UE ed extra EFTA di aderire volontariamente al Servizio sanitario nazionale tramite un contributo annuale. Le norme attualmente in vigore restano immutate: chi risiede all&#8217;estero senza una copertura sanitaria &hellip;<\/p>\n","protected":false},"author":1,"featured_media":465,"comment_status":"closed","ping_status":"closed","sticky":false,"template":"","format":"standard","meta":{"footnotes":""},"categories":[4,7],"tags":[],"class_list":["post-590","post","type-post","status-publish","format-standard","has-post-thumbnail","hentry","category-fabio-porta","category-pd"],"aioseo_notices":[],"_links":{"self":[{"href":"https:\/\/pdemocraticoneuquen.com\/index.php\/wp-json\/wp\/v2\/posts\/590","targetHints":{"allow":["GET"]}}],"collection":[{"href":"https:\/\/pdemocraticoneuquen.com\/index.php\/wp-json\/wp\/v2\/posts"}],"about":[{"href":"https:\/\/pdemocraticoneuquen.com\/index.php\/wp-json\/wp\/v2\/types\/post"}],"author":[{"embeddable":true,"href":"https:\/\/pdemocraticoneuquen.com\/index.php\/wp-json\/wp\/v2\/users\/1"}],"replies":[{"embeddable":true,"href":"https:\/\/pdemocraticoneuquen.com\/index.php\/wp-json\/wp\/v2\/comments?post=590"}],"version-history":[{"count":1,"href":"https:\/\/pdemocraticoneuquen.com\/index.php\/wp-json\/wp\/v2\/posts\/590\/revisions"}],"predecessor-version":[{"id":591,"href":"https:\/\/pdemocraticoneuquen.com\/index.php\/wp-json\/wp\/v2\/posts\/590\/revisions\/591"}],"wp:featuredmedia":[{"embeddable":true,"href":"https:\/\/pdemocraticoneuquen.com\/index.php\/wp-json\/wp\/v2\/media\/465"}],"wp:attachment":[{"href":"https:\/\/pdemocraticoneuquen.com\/index.php\/wp-json\/wp\/v2\/media?parent=590"}],"wp:term":[{"taxonomy":"category","embeddable":true,"href":"https:\/\/pdemocraticoneuquen.com\/index.php\/wp-json\/wp\/v2\/categories?post=590"},{"taxonomy":"post_tag","embeddable":true,"href":"https:\/\/pdemocraticoneuquen.com\/index.php\/wp-json\/wp\/v2\/tags?post=590"}],"curies":[{"name":"wp","href":"https:\/\/api.w.org\/{rel}","templated":true}]}}