{"id":587,"date":"2025-11-27T10:24:11","date_gmt":"2025-11-27T13:24:11","guid":{"rendered":"https:\/\/pdemocraticoneuquen.com\/?p=587"},"modified":"2025-11-27T10:24:12","modified_gmt":"2025-11-27T13:24:12","slug":"lon-fabio-porta-ospita-alla-camera-dei-deputati-la-presentazione-del-libro-welcome-in-siria-di-angelo-maddalena-2-dicembre-ore-19-00-20-00","status":"publish","type":"post","link":"https:\/\/pdemocraticoneuquen.com\/index.php\/2025\/11\/27\/lon-fabio-porta-ospita-alla-camera-dei-deputati-la-presentazione-del-libro-welcome-in-siria-di-angelo-maddalena-2-dicembre-ore-19-00-20-00\/","title":{"rendered":"L&#8217;On. Fabio Porta ospita alla Camera dei Deputati la presentazione del libro \u00abWelcome in Siria\u00bb di Angelo Maddalena \u2013 2 dicembre ore 19.00-20.00"},"content":{"rendered":"\n<p>Un filo rosso collega dieci citt\u00e0 italiane, una comunit\u00e0 di lettori in movimento e un autore che ha deciso di scrivere della Siria con lo sguardo libero dell&#8217;esploratore. Nel tempo che ci impone da un lato la sosta e dall&#8217;altro l&#8217;accelerazione, questo filo approda ora a Roma, alla Camera dei deputati dove, il 2 dicembre, presso la Sala Stampa, l&#8217;On. Fabio Porta accoglier\u00e0 Angelo Maddalena, per l&#8217;ultima tappa di un tour che \u00e8 gi\u00e0 diventato un piccolo caso culturale. Welcome in Siria \u2013 Surreal Tour, Edizioni Sik\u00e9, \u00e8 il frutto del viaggio compiuto da Maddalena nel 2023, attraverso un Paese ferito ma vivo, colmo di accoglienza e complicazioni. Non un \u00abreportage\u00bb tradizionale ma un intreccio di voci, incontri e domande: quelle lasciate in sospeso dal gesuita Paolo Dall&#8217;Oglio, quelle evocate dalle pagine intense di Samar Yazbek e quelle che cadono lungo le strade polverose di un popolo capace di sorprendere chi arriva con il bagaglio troppo pieno dell&#8217;Occidente. La tourn\u00e9e autunnale, partita a ottobre da Messina, ha toccato librerie indipendenti, festival, spazi culturali e luoghi che custodiscono storie di resilienza: da Trieste al Parco Culturale San Giovanni, alla Torino multiculturale, fino alle ultime tappe in Liguria e a Siena. Ovunque, Maddalena ha condiviso non solo il testo del libro ma anche i brani del suo nuovo album Camminando s&#8217;apre cammino, trasformando ogni presentazione in un incontro umano prima ancora che letterario. A Roma, per questa data conclusiva, il dialogo si allargher\u00e0 grazie agli interventi dell&#8217;on. Fabio Porta, dell&#8217;on. Lia Quartapelle, vicepresidente della Commissione Affari Esteri, e del giornalista Riccardo Cristiano, da anni impegnato nel raccontare la figura e l&#8217;eredit\u00e0 di Dall&#8217;Oglio. A moderare l&#8217;incontro sar\u00e0 Gianni Lattanzio, direttore editoriale di MeridianoItalia. Sar\u00e0 l&#8217;occasione non solo per presentare un libro, ma per restituire la complessit\u00e0 di un viaggio che attraversa confini geografici e interiori. Perch\u00e9, come scrive Nello Scavo nella prefazione, Welcome in Siria \u00e8 un libro che \u00abriordina emozioni, speranze, preghiere, sogni\u00bb. Ed \u00e8 forse proprio questo il motivo per cui tante persone hanno scelto di seguirlo tappa dopo tappa.<\/p>\n","protected":false},"excerpt":{"rendered":"<p>Un filo rosso collega dieci citt\u00e0 italiane, una comunit\u00e0 di lettori in movimento e un autore che ha deciso di scrivere della Siria con lo sguardo libero dell&#8217;esploratore. Nel tempo che ci impone da un lato la sosta e dall&#8217;altro l&#8217;accelerazione, questo filo approda ora a Roma, alla Camera dei deputati dove, il 2 dicembre, &hellip;<\/p>\n","protected":false},"author":1,"featured_media":588,"comment_status":"closed","ping_status":"closed","sticky":false,"template":"","format":"standard","meta":{"footnotes":""},"categories":[4,7],"tags":[],"class_list":["post-587","post","type-post","status-publish","format-standard","has-post-thumbnail","hentry","category-fabio-porta","category-pd"],"aioseo_notices":[],"_links":{"self":[{"href":"https:\/\/pdemocraticoneuquen.com\/index.php\/wp-json\/wp\/v2\/posts\/587","targetHints":{"allow":["GET"]}}],"collection":[{"href":"https:\/\/pdemocraticoneuquen.com\/index.php\/wp-json\/wp\/v2\/posts"}],"about":[{"href":"https:\/\/pdemocraticoneuquen.com\/index.php\/wp-json\/wp\/v2\/types\/post"}],"author":[{"embeddable":true,"href":"https:\/\/pdemocraticoneuquen.com\/index.php\/wp-json\/wp\/v2\/users\/1"}],"replies":[{"embeddable":true,"href":"https:\/\/pdemocraticoneuquen.com\/index.php\/wp-json\/wp\/v2\/comments?post=587"}],"version-history":[{"count":1,"href":"https:\/\/pdemocraticoneuquen.com\/index.php\/wp-json\/wp\/v2\/posts\/587\/revisions"}],"predecessor-version":[{"id":589,"href":"https:\/\/pdemocraticoneuquen.com\/index.php\/wp-json\/wp\/v2\/posts\/587\/revisions\/589"}],"wp:featuredmedia":[{"embeddable":true,"href":"https:\/\/pdemocraticoneuquen.com\/index.php\/wp-json\/wp\/v2\/media\/588"}],"wp:attachment":[{"href":"https:\/\/pdemocraticoneuquen.com\/index.php\/wp-json\/wp\/v2\/media?parent=587"}],"wp:term":[{"taxonomy":"category","embeddable":true,"href":"https:\/\/pdemocraticoneuquen.com\/index.php\/wp-json\/wp\/v2\/categories?post=587"},{"taxonomy":"post_tag","embeddable":true,"href":"https:\/\/pdemocraticoneuquen.com\/index.php\/wp-json\/wp\/v2\/tags?post=587"}],"curies":[{"name":"wp","href":"https:\/\/api.w.org\/{rel}","templated":true}]}}