{"id":585,"date":"2025-11-25T14:03:40","date_gmt":"2025-11-25T17:03:40","guid":{"rendered":"https:\/\/pdemocraticoneuquen.com\/?p=585"},"modified":"2025-11-25T14:03:40","modified_gmt":"2025-11-25T17:03:40","slug":"on-fabio-porta-visita-ufficiale-a-roma-della-frente-parlamentar-brasil-italia-incontri-istituzionali-promossi-dal-gruppo-di-amicizia-italia-brasile-della-uip","status":"publish","type":"post","link":"https:\/\/pdemocraticoneuquen.com\/index.php\/2025\/11\/25\/on-fabio-porta-visita-ufficiale-a-roma-della-frente-parlamentar-brasil-italia-incontri-istituzionali-promossi-dal-gruppo-di-amicizia-italia-brasile-della-uip\/","title":{"rendered":"On. Fabio Porta: Visita ufficiale a Roma della \u00abFrente Parlamentar Brasil\u2013It\u00e1lia\u00bb . Incontri istituzionali promossi dal Gruppo di amicizia Italia\u2013Brasile della UIP"},"content":{"rendered":"\n<p>La Frente Parlamentar Brasil\u2013It\u00e1lia (Unione parlamentare Brasile\u2013Italia), composta da parlamentari brasiliani, magistrati, rappresentanti delle istituzioni, del mondo accademico e della societ\u00e0 civile, sar\u00e0 in visita ufficiale in Italia dal 24 al 29 novembre 2025. La Delegazione prender\u00e0 parte a un articolato programma di incontri istituzionali, accademici ed economici che culminer\u00e0 nel \u00abSemin\u00e1rio Seguran\u00e7a Jur\u00eddica e Desburocratiza\u00e7\u00e3o\u00bb, in programma presso l&#8217;Ambasciata del Brasile il 27 novembre.<\/p>\n\n\n\n<p>Nell&#8217;ambito della visita, mercoled\u00ec 26 novembre, il Gruppo di amicizia Italia\u2013Brasile della Unione Interparlamentare italiana promuover\u00e0 un incontro con la Delegazione, che si terr\u00e0 presso la Sala ISMA del Senato della Repubblica (Piazza Capranica 72), dalle ore 15 alle 16, alla presenza del Presidente Pier Ferdinando Casini.<\/p>\n\n\n\n<p>L&#8217;appuntamento sar\u00e0 dedicato al rafforzamento del dialogo politico e istituzionale tra Italia e Brasile e al confronto diretto con autorevoli esponenti del Parlamento brasiliano.<\/p>\n\n\n\n<p>A seguire, la Delegazione sar\u00e0 accolta presso la Camera dei Deputati per una visita a Palazzo Montecitorio, dove assister\u00e0 ai lavori dell&#8217;Aula.<\/p>\n\n\n\n<p>\u00abLa presenza a Roma della Frente Parlamentar Brasil\u2013It\u00e1lia \u2013 dichiara Fabio Porta, Presidente del Gruppo di amicizia Italia\u2013Brasile della UIP \u2013 rappresenta un&#8217;importante occasione per consolidare le relazioni politiche e culturali tra i nostri Paesi e per promuovere nuove opportunit\u00e0 di cooperazione nel contesto del dialogo tra Unione Europea e Mercosur.\u00bb<\/p>\n","protected":false},"excerpt":{"rendered":"<p>La Frente Parlamentar Brasil\u2013It\u00e1lia (Unione parlamentare Brasile\u2013Italia), composta da parlamentari brasiliani, magistrati, rappresentanti delle istituzioni, del mondo accademico e della societ\u00e0 civile, sar\u00e0 in visita ufficiale in Italia dal 24 al 29 novembre 2025. La Delegazione prender\u00e0 parte a un articolato programma di incontri istituzionali, accademici ed economici che culminer\u00e0 nel \u00abSemin\u00e1rio Seguran\u00e7a Jur\u00eddica e &hellip;<\/p>\n","protected":false},"author":1,"featured_media":78,"comment_status":"closed","ping_status":"closed","sticky":false,"template":"","format":"standard","meta":{"footnotes":""},"categories":[4,7],"tags":[],"class_list":["post-585","post","type-post","status-publish","format-standard","has-post-thumbnail","hentry","category-fabio-porta","category-pd"],"aioseo_notices":[],"_links":{"self":[{"href":"https:\/\/pdemocraticoneuquen.com\/index.php\/wp-json\/wp\/v2\/posts\/585","targetHints":{"allow":["GET"]}}],"collection":[{"href":"https:\/\/pdemocraticoneuquen.com\/index.php\/wp-json\/wp\/v2\/posts"}],"about":[{"href":"https:\/\/pdemocraticoneuquen.com\/index.php\/wp-json\/wp\/v2\/types\/post"}],"author":[{"embeddable":true,"href":"https:\/\/pdemocraticoneuquen.com\/index.php\/wp-json\/wp\/v2\/users\/1"}],"replies":[{"embeddable":true,"href":"https:\/\/pdemocraticoneuquen.com\/index.php\/wp-json\/wp\/v2\/comments?post=585"}],"version-history":[{"count":1,"href":"https:\/\/pdemocraticoneuquen.com\/index.php\/wp-json\/wp\/v2\/posts\/585\/revisions"}],"predecessor-version":[{"id":586,"href":"https:\/\/pdemocraticoneuquen.com\/index.php\/wp-json\/wp\/v2\/posts\/585\/revisions\/586"}],"wp:featuredmedia":[{"embeddable":true,"href":"https:\/\/pdemocraticoneuquen.com\/index.php\/wp-json\/wp\/v2\/media\/78"}],"wp:attachment":[{"href":"https:\/\/pdemocraticoneuquen.com\/index.php\/wp-json\/wp\/v2\/media?parent=585"}],"wp:term":[{"taxonomy":"category","embeddable":true,"href":"https:\/\/pdemocraticoneuquen.com\/index.php\/wp-json\/wp\/v2\/categories?post=585"},{"taxonomy":"post_tag","embeddable":true,"href":"https:\/\/pdemocraticoneuquen.com\/index.php\/wp-json\/wp\/v2\/tags?post=585"}],"curies":[{"name":"wp","href":"https:\/\/api.w.org\/{rel}","templated":true}]}}