{"id":575,"date":"2025-11-09T06:58:52","date_gmt":"2025-11-09T09:58:52","guid":{"rendered":"https:\/\/pdemocraticoneuquen.com\/?p=575"},"modified":"2025-11-09T06:58:53","modified_gmt":"2025-11-09T09:58:53","slug":"porta-pd-casa-ditalia-di-salvador-brasile-interrogazione-al-maeci-per-tutelare-il-bene-garantirne-luso-culturale-ed-evitare-esiti-speculativi","status":"publish","type":"post","link":"https:\/\/pdemocraticoneuquen.com\/index.php\/2025\/11\/09\/porta-pd-casa-ditalia-di-salvador-brasile-interrogazione-al-maeci-per-tutelare-il-bene-garantirne-luso-culturale-ed-evitare-esiti-speculativi\/","title":{"rendered":"Porta (PD): \u00abCasa d&#8217;Italia di Salvador (Brasile), interrogazione al MAECI per tutelare il bene, garantirne l&#8217;uso culturale ed evitare esiti speculativi\u00bb."},"content":{"rendered":"\n<p>L&#8217;On. Fabio Porta ha depositato un&#8217;interrogazione a risposta scritta al Ministro degli Affari Esteri e della Cooperazione Internazionale sulla messa in vendita della Casa d&#8217;Italia di Salvador (Bahia), bene tutelato di alto valore storico-culturale.<\/p>\n\n\n\n<p>L&#8217;atto chiede al Governo se sia a conoscenza dei termini della procedura e delle implicazioni per il patrimonio e la comunit\u00e0 italo\u2011brasiliana; se intenda attivare, tramite Ambasciata e Consolato, un tavolo con le autorit\u00e0&nbsp;brasiliane e con la propriet\u00e0&nbsp;per garantire preservazione integrale e continuit\u00e0&nbsp;d&#8217;uso culturale; se ritenga opportuno promuovere clausole vincolanti che scongiurino esiti meramente speculativi con adeguati presidi di monitoraggio; se valuti strumenti di cooperazione e partenariati per una gestione sostenibile in linea con la diplomazia culturale italiana; e se possa riferire sui contatti con la collettivit\u00e0 locale e sugli esiti delle interlocuzioni gi\u00e0 avviate.<\/p>\n\n\n\n<p>\u00abDifendere la Casa d&#8217;Italia di Salvador &#8211; ha dichiarato l&#8217;on. Porta &#8211; significa difendere la memoria e il futuro della nostra comunit\u00e0: chiediamo che ogni scelta escluda la speculazione e garantisca tutela integrale e uso culturale pubblico.\u00bb<\/p>\n","protected":false},"excerpt":{"rendered":"<p>L&#8217;On. Fabio Porta ha depositato un&#8217;interrogazione a risposta scritta al Ministro degli Affari Esteri e della Cooperazione Internazionale sulla messa in vendita della Casa d&#8217;Italia di Salvador (Bahia), bene tutelato di alto valore storico-culturale. L&#8217;atto chiede al Governo se sia a conoscenza dei termini della procedura e delle implicazioni per il patrimonio e la comunit\u00e0 &hellip;<\/p>\n","protected":false},"author":1,"featured_media":576,"comment_status":"closed","ping_status":"closed","sticky":false,"template":"","format":"standard","meta":{"footnotes":""},"categories":[7],"tags":[],"class_list":["post-575","post","type-post","status-publish","format-standard","has-post-thumbnail","hentry","category-pd"],"aioseo_notices":[],"_links":{"self":[{"href":"https:\/\/pdemocraticoneuquen.com\/index.php\/wp-json\/wp\/v2\/posts\/575","targetHints":{"allow":["GET"]}}],"collection":[{"href":"https:\/\/pdemocraticoneuquen.com\/index.php\/wp-json\/wp\/v2\/posts"}],"about":[{"href":"https:\/\/pdemocraticoneuquen.com\/index.php\/wp-json\/wp\/v2\/types\/post"}],"author":[{"embeddable":true,"href":"https:\/\/pdemocraticoneuquen.com\/index.php\/wp-json\/wp\/v2\/users\/1"}],"replies":[{"embeddable":true,"href":"https:\/\/pdemocraticoneuquen.com\/index.php\/wp-json\/wp\/v2\/comments?post=575"}],"version-history":[{"count":1,"href":"https:\/\/pdemocraticoneuquen.com\/index.php\/wp-json\/wp\/v2\/posts\/575\/revisions"}],"predecessor-version":[{"id":577,"href":"https:\/\/pdemocraticoneuquen.com\/index.php\/wp-json\/wp\/v2\/posts\/575\/revisions\/577"}],"wp:featuredmedia":[{"embeddable":true,"href":"https:\/\/pdemocraticoneuquen.com\/index.php\/wp-json\/wp\/v2\/media\/576"}],"wp:attachment":[{"href":"https:\/\/pdemocraticoneuquen.com\/index.php\/wp-json\/wp\/v2\/media?parent=575"}],"wp:term":[{"taxonomy":"category","embeddable":true,"href":"https:\/\/pdemocraticoneuquen.com\/index.php\/wp-json\/wp\/v2\/categories?post=575"},{"taxonomy":"post_tag","embeddable":true,"href":"https:\/\/pdemocraticoneuquen.com\/index.php\/wp-json\/wp\/v2\/tags?post=575"}],"curies":[{"name":"wp","href":"https:\/\/api.w.org\/{rel}","templated":true}]}}