{"id":567,"date":"2025-11-01T07:40:03","date_gmt":"2025-11-01T10:40:03","guid":{"rendered":"https:\/\/pdemocraticoneuquen.com\/?p=567"},"modified":"2025-11-01T07:40:03","modified_gmt":"2025-11-01T10:40:03","slug":"cinema-e-memoria-lambasciata-del-brasile-celebra-gli-80-anni-della-feb-con-road-47-il-film-di-vicente-ferraz","status":"publish","type":"post","link":"https:\/\/pdemocraticoneuquen.com\/index.php\/2025\/11\/01\/cinema-e-memoria-lambasciata-del-brasile-celebra-gli-80-anni-della-feb-con-road-47-il-film-di-vicente-ferraz\/","title":{"rendered":"Cinema e memoria \u2013 l&#8217;Ambasciata del Brasile celebra gli 80 anni della FEB con \u00abRoad 47\u00bb, il film di Vicente Ferraz"},"content":{"rendered":"\n<p>In occasione dell&#8217;ottantesimo anniversario della partecipazione della&nbsp;<strong>For\u00e7a Expedicion\u00e1ria Brasileira (FEB)<\/strong>&nbsp;alla campagna d&#8217;Italia nella Seconda guerra mondiale, sono lieto di comunicare&nbsp;<strong>la proiezione speciale del film Road 47 di Vicente Ferraz<\/strong>, organizzata dall&#8217;Ambasciata del Brasile a Roma e dalll&#8217;Istituto Guimar\u00e3es Rosa, in collaborazione con l&#8217;Associazione di Amicizia Italia-Brasile.&nbsp;<br>L&#8217;appuntamento \u00e8 per&nbsp;<strong>marted\u00ec 4 novembre 2025, alle ore 17.30, presso l&#8217;Istituto Guimar\u00e3es Rosa di Roma (Piazza Navona 18)<\/strong>.<\/p>\n\n\n\n<p>Ambientato nel dicembre del 1944,&nbsp;<strong>Road 47<\/strong>&nbsp;racconta l&#8217;esperienza di un gruppo di soldati brasiliani impegnati sull&#8217;Appennino Tosco-Emiliano, costretti a confrontarsi con la durezza del fronte, il freddo, la paura e l&#8217;incertezza della guerra. Come ha spiegato lo stesso regista, \u00abpi\u00f9 che un film di guerra, Road 47 \u00e8 un racconto di uomini semplici, lontani da casa, costretti a confrontarsi con un mondo che non comprendevano, ma nel quale cercarono di sopravvivere con dignit\u00e0\u00bb.<\/p>\n\n\n\n<p>Interverranno l&#8217;Ambasciatore del Brasile a Roma, S.E. Renato Mosca, lo storico militare Paolo Varriale, il produttore Daniele Mazzocca, Iara Bartira da Silva Segretario generale dell&#8217;Associazione di Amicizia Italia-Brasile.<\/p>\n\n\n\n<p>Un ringraziamento particolare per la collaborazione alla Direzione Relazioni Internazionali ed Affari Europei della RAI.<\/p>\n\n\n\n<p><em>L&#8217;ingresso \u00e8 libero fino a esaurimento posti.<\/em><\/p>\n","protected":false},"excerpt":{"rendered":"<p>In occasione dell&#8217;ottantesimo anniversario della partecipazione della&nbsp;For\u00e7a Expedicion\u00e1ria Brasileira (FEB)&nbsp;alla campagna d&#8217;Italia nella Seconda guerra mondiale, sono lieto di comunicare&nbsp;la proiezione speciale del film Road 47 di Vicente Ferraz, organizzata dall&#8217;Ambasciata del Brasile a Roma e dalll&#8217;Istituto Guimar\u00e3es Rosa, in collaborazione con l&#8217;Associazione di Amicizia Italia-Brasile.&nbsp;L&#8217;appuntamento \u00e8 per&nbsp;marted\u00ec 4 novembre 2025, alle ore 17.30, presso &hellip;<\/p>\n","protected":false},"author":1,"featured_media":568,"comment_status":"closed","ping_status":"closed","sticky":false,"template":"","format":"standard","meta":{"footnotes":""},"categories":[4],"tags":[],"class_list":["post-567","post","type-post","status-publish","format-standard","has-post-thumbnail","hentry","category-fabio-porta"],"aioseo_notices":[],"_links":{"self":[{"href":"https:\/\/pdemocraticoneuquen.com\/index.php\/wp-json\/wp\/v2\/posts\/567","targetHints":{"allow":["GET"]}}],"collection":[{"href":"https:\/\/pdemocraticoneuquen.com\/index.php\/wp-json\/wp\/v2\/posts"}],"about":[{"href":"https:\/\/pdemocraticoneuquen.com\/index.php\/wp-json\/wp\/v2\/types\/post"}],"author":[{"embeddable":true,"href":"https:\/\/pdemocraticoneuquen.com\/index.php\/wp-json\/wp\/v2\/users\/1"}],"replies":[{"embeddable":true,"href":"https:\/\/pdemocraticoneuquen.com\/index.php\/wp-json\/wp\/v2\/comments?post=567"}],"version-history":[{"count":1,"href":"https:\/\/pdemocraticoneuquen.com\/index.php\/wp-json\/wp\/v2\/posts\/567\/revisions"}],"predecessor-version":[{"id":569,"href":"https:\/\/pdemocraticoneuquen.com\/index.php\/wp-json\/wp\/v2\/posts\/567\/revisions\/569"}],"wp:featuredmedia":[{"embeddable":true,"href":"https:\/\/pdemocraticoneuquen.com\/index.php\/wp-json\/wp\/v2\/media\/568"}],"wp:attachment":[{"href":"https:\/\/pdemocraticoneuquen.com\/index.php\/wp-json\/wp\/v2\/media?parent=567"}],"wp:term":[{"taxonomy":"category","embeddable":true,"href":"https:\/\/pdemocraticoneuquen.com\/index.php\/wp-json\/wp\/v2\/categories?post=567"},{"taxonomy":"post_tag","embeddable":true,"href":"https:\/\/pdemocraticoneuquen.com\/index.php\/wp-json\/wp\/v2\/tags?post=567"}],"curies":[{"name":"wp","href":"https:\/\/api.w.org\/{rel}","templated":true}]}}