{"id":563,"date":"2025-10-20T14:08:57","date_gmt":"2025-10-20T17:08:57","guid":{"rendered":"https:\/\/pdemocraticoneuquen.com\/?p=563"},"modified":"2025-10-20T14:08:57","modified_gmt":"2025-10-20T17:08:57","slug":"porta-pd-nella-manovra-2026-vanno-ripristinate-le-prestazioni-familiari-per-gli-italiani-residenti-allestero","status":"publish","type":"post","link":"https:\/\/pdemocraticoneuquen.com\/index.php\/2025\/10\/20\/porta-pd-nella-manovra-2026-vanno-ripristinate-le-prestazioni-familiari-per-gli-italiani-residenti-allestero\/","title":{"rendered":"PORTA (PD): NELLA MANOVRA 2026 VANNO RIPRISTINATE LE PRESTAZIONI FAMILIARI PER GLI ITALIANI RESIDENTI ALL&#8217;ESTERO"},"content":{"rendered":"\n<p>I nostri emigrati ricorderanno (purtroppo) che dal 1\u00b0 marzo 2022 con l&#8217;introduzione dell&#8217;Assegno Unico Universale sono state elimitate alcune prestazioni familiari che venivano erogate anche all&#8217;estero a lavoratori e pensionati i quali producono reddito e pagano le tasse in Italia, ed in particolare le detrazioni per figli a carico con et\u00e0 inferiore ai 21 anni e l&#8217;Assegno per il nucleo familiare (ANF). Ricorderanno inoltre che mentre per i residenti in Italia tali prestazioni sono state praticamente sostituite dall&#8217;Assegno Unico, per i residenti all&#8217;estero non ci sono state compensazioni di alcun tipo e si \u00e8 creata quindi una situazione di palese discriminazione basata sulla residenza (l&#8217;Assegno Unico infatti non \u00e8 esportabile all&#8217;estero) e di vuoto legislativo che penalizza chi produce reddito in Italia ma risiede all&#8217;estero.<\/p>\n\n\n\n<p>Nella Legge di Bilancio per il 2026 che sar\u00e0 presentata a breve e dovr\u00e0 essere approvata entro la fine dell&#8217;anno in corso ci saranno alcune importanti misure che atterranno a probabili tagli dell&#8217;Irpef e ad agevolazioni legate ai figli. Sar\u00e0 mia premura e del Partito Democratico quindi intervenire in sede di discussione della LDB alla Camera per chiedere ed ottenere il ripristino per i nostri connazionali residenti all&#8217;estero \u2013 lavoratori dipendenti ed autonomi e pensionati \u2013 delle detrazioni per figli a carico e dell&#8217;Assegno al nucleo familiare.<\/p>\n\n\n\n<p>Sono tre anni infatti che i contribuenti italiani residenti all&#8217;estero i quali producono almeno il 75% del loro reddito in Italia (titolari di redditi da lavoro dipendente e\/o assimilati) sono stati privati delle detrazioni per figli a carico di et\u00e0 inferiore ai 21 anni (e anche dell&#8217;Assegno al nucleo familiare) ma nonostante le continue proteste di migliaia di nostri connazionali colpiti da questo ingiusto provvedimento nulla finora \u00e8 stato fatto da questo Governo per sanare la situazione.<\/p>\n\n\n\n<p>Giova ricordare che in seguito ad alcune modifiche al nostro sistema fiscale introdotte fino al 2016 i soggetti residenti all&#8217;estero in uno Stato che assicuri un adeguato scambio di informazioni hanno potuto beneficiare delle detrazioni e delle deduzioni previste dagli articoli da 1 a 23 del TUIR (Testo Unico delle Imposte sui Redditi) in forma completa, analogamente a quanto previsto per i soggetti residenti, comprese le detrazioni per carichi di famiglia, a condizione che il reddito prodotto dal soggetto nel territorio dello Stato italiano sia pari almeno al 75 per cento del reddito dallo stesso complessivamente prodotto e che il soggetto non goda di agevolazioni fiscali analoghe nello Stato di residenza. Tuttavia tali soggetti, che sono definiti \u00abnon residenti Schumacker\u00bb, hanno potuto usufruire delle detrazioni per figli a carico (fino ai 21 anni) solo fino a marzo del 2022 quando con l&#8217;introduzione dell&#8217;Assegno Unico tali detrazioni (insieme all&#8217;ANF) sono state eliminate sia per i residenti in Italia che per i residenti all&#8217;estero.<\/p>\n\n\n\n<p>Se da una parte per\u00f2 l&#8217;abolizione delle detrazioni per figli a carico (ma anche dell&#8217;assegno per il nucleo familiare) non ha comportato particolare danno per i residenti in Italia che in sostituzione si sono visti riconoscere l&#8217;Assegno unico universale, dall&#8217;altra parte invece vi sono state conseguenze economiche pesanti (da centinaia a migliaia di euro annui a soggetto) per i contribuenti italiani residenti all&#8217;estero ai quali non sono state pi\u00f9 concesse le detrazioni e l&#8217;Anf e ai quali non pu\u00f2 essere riconosciuto l&#8217;Assegno unico universale per i figli che \u00e8 subordinato alla residenza in Italia, nonostante essi paghino le tasse e la contribuzione previdenziale in Italia. Per questo motivo e per tutelare i diritti dei nostri lavoratori e pensionati residenti all&#8217;estero credo sia necessario intervenire nella Manovra 2026 per introdurre con i nostri emendamenti uno specifico provvedimento legislativo che ripristini per gli stessi \u00abnon residenti Schumacker\u00bb il diritto, revocato dal 1\u00b0 marzo 2022, alle detrazioni per figli a carico di et\u00e0 inferiore ai 21 anni (e alla concessione dell&#8217;assegno al nucleo familiare).<\/p>\n\n\n\n<p>ON. FABIO PORTA<\/p>\n\n\n\n<p><br><\/p>\n","protected":false},"excerpt":{"rendered":"<p>I nostri emigrati ricorderanno (purtroppo) che dal 1\u00b0 marzo 2022 con l&#8217;introduzione dell&#8217;Assegno Unico Universale sono state elimitate alcune prestazioni familiari che venivano erogate anche all&#8217;estero a lavoratori e pensionati i quali producono reddito e pagano le tasse in Italia, ed in particolare le detrazioni per figli a carico con et\u00e0 inferiore ai 21 anni &hellip;<\/p>\n","protected":false},"author":1,"featured_media":506,"comment_status":"closed","ping_status":"closed","sticky":false,"template":"","format":"standard","meta":{"footnotes":""},"categories":[4,7],"tags":[],"class_list":["post-563","post","type-post","status-publish","format-standard","has-post-thumbnail","hentry","category-fabio-porta","category-pd"],"aioseo_notices":[],"_links":{"self":[{"href":"https:\/\/pdemocraticoneuquen.com\/index.php\/wp-json\/wp\/v2\/posts\/563","targetHints":{"allow":["GET"]}}],"collection":[{"href":"https:\/\/pdemocraticoneuquen.com\/index.php\/wp-json\/wp\/v2\/posts"}],"about":[{"href":"https:\/\/pdemocraticoneuquen.com\/index.php\/wp-json\/wp\/v2\/types\/post"}],"author":[{"embeddable":true,"href":"https:\/\/pdemocraticoneuquen.com\/index.php\/wp-json\/wp\/v2\/users\/1"}],"replies":[{"embeddable":true,"href":"https:\/\/pdemocraticoneuquen.com\/index.php\/wp-json\/wp\/v2\/comments?post=563"}],"version-history":[{"count":1,"href":"https:\/\/pdemocraticoneuquen.com\/index.php\/wp-json\/wp\/v2\/posts\/563\/revisions"}],"predecessor-version":[{"id":564,"href":"https:\/\/pdemocraticoneuquen.com\/index.php\/wp-json\/wp\/v2\/posts\/563\/revisions\/564"}],"wp:featuredmedia":[{"embeddable":true,"href":"https:\/\/pdemocraticoneuquen.com\/index.php\/wp-json\/wp\/v2\/media\/506"}],"wp:attachment":[{"href":"https:\/\/pdemocraticoneuquen.com\/index.php\/wp-json\/wp\/v2\/media?parent=563"}],"wp:term":[{"taxonomy":"category","embeddable":true,"href":"https:\/\/pdemocraticoneuquen.com\/index.php\/wp-json\/wp\/v2\/categories?post=563"},{"taxonomy":"post_tag","embeddable":true,"href":"https:\/\/pdemocraticoneuquen.com\/index.php\/wp-json\/wp\/v2\/tags?post=563"}],"curies":[{"name":"wp","href":"https:\/\/api.w.org\/{rel}","templated":true}]}}