{"id":557,"date":"2025-10-11T15:03:35","date_gmt":"2025-10-11T18:03:35","guid":{"rendered":"https:\/\/pdemocraticoneuquen.com\/?p=557"},"modified":"2025-10-11T15:03:36","modified_gmt":"2025-10-11T18:03:36","slug":"porta-pd-il-premio-nobel-a-corina-machado-un-riconoscimento-alla-coraggiosa-lotta-dellopposizione-venezuelana","status":"publish","type":"post","link":"https:\/\/pdemocraticoneuquen.com\/index.php\/2025\/10\/11\/porta-pd-il-premio-nobel-a-corina-machado-un-riconoscimento-alla-coraggiosa-lotta-dellopposizione-venezuelana\/","title":{"rendered":"PORTA (PD): IL PREMIO NOBEL A CORINA MACHADO UN RICONOSCIMENTO ALLA CORAGGIOSA LOTTA DELL&#8217;OPPOSIZIONE VENEZUELANA"},"content":{"rendered":"\n<p>\u00abGloria al bravo pueblo!\u00bb, cos\u00ec recita l&#8217;inno nazionale del Venezuela. Il Premio Nobel a&nbsp;Mar\u00eda Corina Machado&nbsp;\u00e8 un riconoscimento alla lotta per la democrazia del popolo venezuelano che da anni subisce l&#8217;autoritarismo e le persecuzioni politiche del regime di Nicolas Maduro.<br>Dal Comitato dei Diritti Umani delle Nazioni Unite alle pi\u00f9 autorevoli organizzazioni internazionali come Amnesty International da anni si denuncia la repressione e la sistematica oppressione delle libert\u00e0 politiche dell&#8217;opposizione in Venezuela; fino alle ultime elezioni presidenziali, svoltesi senza alcuna &#8216;par condicio&#8217; tra maggioranza e opposizione e viziate dalla mancata divulgazione degli atti relativi, nonostante la richiesta provenisse dai grandi Paesi della regione e del mondo e dagli osservatori internazionali.<br>Di queste rivendicazioni&nbsp;Mar\u00eda Corina Machado&nbsp;\u00e8 senza dubbio il simbolo pi\u00f9 noto, dentro e fuori il paese sudamericano; e ci\u00f2 al di l\u00e0 delle sue idee politiche e del partito di appartenenza.<\/p>\n\n\n\n<p>Il Nobel ha in questo senso il grande merito di riportare al centro dell&#8217;attenzione internazionale le sofferenze del Venezuela, che da anni cerca una pacificazione nazionale, una via d&#8217;uscita all&#8217;emergenza umanitaria e un cammino condiviso per il ritorno alla democrazia.<\/p>\n\n\n\n<p>ON. FABIO PORTA<\/p>\n","protected":false},"excerpt":{"rendered":"<p>\u00abGloria al bravo pueblo!\u00bb, cos\u00ec recita l&#8217;inno nazionale del Venezuela. Il Premio Nobel a&nbsp;Mar\u00eda Corina Machado&nbsp;\u00e8 un riconoscimento alla lotta per la democrazia del popolo venezuelano che da anni subisce l&#8217;autoritarismo e le persecuzioni politiche del regime di Nicolas Maduro.Dal Comitato dei Diritti Umani delle Nazioni Unite alle pi\u00f9 autorevoli organizzazioni internazionali come Amnesty International &hellip;<\/p>\n","protected":false},"author":1,"featured_media":558,"comment_status":"closed","ping_status":"closed","sticky":false,"template":"","format":"standard","meta":{"footnotes":""},"categories":[4],"tags":[],"class_list":["post-557","post","type-post","status-publish","format-standard","has-post-thumbnail","hentry","category-fabio-porta"],"aioseo_notices":[],"_links":{"self":[{"href":"https:\/\/pdemocraticoneuquen.com\/index.php\/wp-json\/wp\/v2\/posts\/557","targetHints":{"allow":["GET"]}}],"collection":[{"href":"https:\/\/pdemocraticoneuquen.com\/index.php\/wp-json\/wp\/v2\/posts"}],"about":[{"href":"https:\/\/pdemocraticoneuquen.com\/index.php\/wp-json\/wp\/v2\/types\/post"}],"author":[{"embeddable":true,"href":"https:\/\/pdemocraticoneuquen.com\/index.php\/wp-json\/wp\/v2\/users\/1"}],"replies":[{"embeddable":true,"href":"https:\/\/pdemocraticoneuquen.com\/index.php\/wp-json\/wp\/v2\/comments?post=557"}],"version-history":[{"count":1,"href":"https:\/\/pdemocraticoneuquen.com\/index.php\/wp-json\/wp\/v2\/posts\/557\/revisions"}],"predecessor-version":[{"id":559,"href":"https:\/\/pdemocraticoneuquen.com\/index.php\/wp-json\/wp\/v2\/posts\/557\/revisions\/559"}],"wp:featuredmedia":[{"embeddable":true,"href":"https:\/\/pdemocraticoneuquen.com\/index.php\/wp-json\/wp\/v2\/media\/558"}],"wp:attachment":[{"href":"https:\/\/pdemocraticoneuquen.com\/index.php\/wp-json\/wp\/v2\/media?parent=557"}],"wp:term":[{"taxonomy":"category","embeddable":true,"href":"https:\/\/pdemocraticoneuquen.com\/index.php\/wp-json\/wp\/v2\/categories?post=557"},{"taxonomy":"post_tag","embeddable":true,"href":"https:\/\/pdemocraticoneuquen.com\/index.php\/wp-json\/wp\/v2\/tags?post=557"}],"curies":[{"name":"wp","href":"https:\/\/api.w.org\/{rel}","templated":true}]}}