{"id":551,"date":"2025-09-24T10:19:38","date_gmt":"2025-09-24T13:19:38","guid":{"rendered":"https:\/\/pdemocraticoneuquen.com\/?p=551"},"modified":"2025-09-24T10:19:39","modified_gmt":"2025-09-24T13:19:39","slug":"porta-pd-finanziaria-2026-evitare-nuovo-blocco-delle-pensioni-degli-italiani-allestero","status":"publish","type":"post","link":"https:\/\/pdemocraticoneuquen.com\/index.php\/2025\/09\/24\/porta-pd-finanziaria-2026-evitare-nuovo-blocco-delle-pensioni-degli-italiani-allestero\/","title":{"rendered":"Porta (Pd): Finanziaria 2026, evitare nuovo blocco delle pensioni degli italiani all&#8217;estero"},"content":{"rendered":"\n<p>La Legge di Bilancio per l&#8217;anno finanziario 2025 con il blocco della perequazione automatica delle pensioni superiori al trattamento minimo degli italiani residenti all&#8217;estero ha penalizzato come mai prima d&#8217;ora i nostri connazionali. Dobbiamo ora sperare che il blocco degli aumenti non sar\u00e0 riproposto nella Legge di Bilancio per il 2026 che il Governo di centrodestra sta attualmente delineando e che dovr\u00e0 essere approvata entro la fine di quest&#8217;anno. Il pericolo che la scure del Governo si abbatta di nuovo sui diritti socio-previdenziali degli italiani all&#8217;estero \u00e8 reale e sar\u00e0 mia premura, insieme ai colleghi del Partito democratico eletti all&#8217;estero, vigilare ed impedire che ci\u00f2 avvenga. I motivi per cui \u00e8 stato deciso di sospendere per il 2025 (ma con conseguenze economiche permanenti per i pensionati colpiti) la rivalutazione \u2013 cosiddetta perequazione automatica \u2013 delle pensioni superiori al trattamento minimo INPS erogate agli italiani residenti all&#8217;estero non ci sono stati mai spiegati, ma noi del PD abbiamo sempre sostenuto che il blocco degli aumenti delle pensioni degli italiani all&#8217;estero \u00e8 palesemente discriminatorio e presenta numerosi profili di incostituzionalit\u00e0. Si ricorder\u00e0 che sono stati penalizzati dall&#8217;assurdo provvedimento circa 61.000 titolari di pensioni INPS residenti all&#8217;estero dei quali oltre 30.000 risultano essere titolari di pensioni di importo che varia da 567 a 1.135 euro mensili mentre circa 11.000 sono titolari di pensioni di importo tra 1.135 e 1.703 euro e solo 12.000 pensioni sono superiori a quattro volte il trattamento minimo INPS. Sono stati colpiti quindi i pi\u00f9 poveri e i pi\u00f9 deboli per risparmiare qualche milione di euro. La decisione del legislatore, che temiamo possa essere ribadita nella LDB per il 2026, di bloccare il meccanismo della perequazione automatica a pensioni di importo cos\u00ec basso, lasciando invece inalterata la rivalutazione per le pensioni di importo alto dei residenti in Italia, oltre a rappresentare una ingiustificabile disparit\u00e0 di trattamento basata manifestamente sulla residenza, costituisce anche e soprattutto una violazione del principio di ragionevolezza, proporzionalit\u00e0 e adeguatezza dei trattamenti previdenziali (principio sancito dagli articoli 3, 36 e 38 della Costituzione) e di quello della salvaguardia delle pensioni pi\u00f9 basse evocato pi\u00f9 volte dalle sentenze della Corte Costituzionale. Non dimentichiamo infatti che la perequazione automatica \u00e8 stata introdotta in Italia allo scopo di proteggere il potere d&#8217;acquisto dei pensionati e garantire loro un tenore di vita adeguato e costante nel tempo. Proprio per questo \u00e8 paradossale che questo Governo, che ha dimostrato a pi\u00f9 riprese, di non avere una grande empatia per gli italiani residenti all&#8217;estero, abbia circoscritto il blocco degli aumenti pensionistici ai soli residenti all&#8217;estero senza tener conto che essi sono tuttavia tutelati dal diritto internazionale \u2013 Regolamenti comunitari di sicurezza sociale e Convenzioni bilaterali di sicurezza sociale \u2013 che sancisce il principio della esportabilit\u00e0 delle prestazioni previdenziali e il mantenimento dei diritti acquisiti. Auspico che nella manovra per il 2026 in preparazione siano salvaguardati i diritti acquisiti dei nostri connazionali e non si ripeta l&#8217;inspiegabile accanimento contro il mondo dell&#8217;emigrazione. Non mancher\u00e0 ovviamente il nostro impegno per vigilare e denunciare ogni tentativo di fare cassa sulle spalle dei nostri connazionali.<\/p>\n","protected":false},"excerpt":{"rendered":"<p>La Legge di Bilancio per l&#8217;anno finanziario 2025 con il blocco della perequazione automatica delle pensioni superiori al trattamento minimo degli italiani residenti all&#8217;estero ha penalizzato come mai prima d&#8217;ora i nostri connazionali. Dobbiamo ora sperare che il blocco degli aumenti non sar\u00e0 riproposto nella Legge di Bilancio per il 2026 che il Governo di &hellip;<\/p>\n","protected":false},"author":1,"featured_media":552,"comment_status":"closed","ping_status":"closed","sticky":false,"template":"","format":"standard","meta":{"footnotes":""},"categories":[4,7],"tags":[],"class_list":["post-551","post","type-post","status-publish","format-standard","has-post-thumbnail","hentry","category-fabio-porta","category-pd"],"aioseo_notices":[],"_links":{"self":[{"href":"https:\/\/pdemocraticoneuquen.com\/index.php\/wp-json\/wp\/v2\/posts\/551","targetHints":{"allow":["GET"]}}],"collection":[{"href":"https:\/\/pdemocraticoneuquen.com\/index.php\/wp-json\/wp\/v2\/posts"}],"about":[{"href":"https:\/\/pdemocraticoneuquen.com\/index.php\/wp-json\/wp\/v2\/types\/post"}],"author":[{"embeddable":true,"href":"https:\/\/pdemocraticoneuquen.com\/index.php\/wp-json\/wp\/v2\/users\/1"}],"replies":[{"embeddable":true,"href":"https:\/\/pdemocraticoneuquen.com\/index.php\/wp-json\/wp\/v2\/comments?post=551"}],"version-history":[{"count":1,"href":"https:\/\/pdemocraticoneuquen.com\/index.php\/wp-json\/wp\/v2\/posts\/551\/revisions"}],"predecessor-version":[{"id":553,"href":"https:\/\/pdemocraticoneuquen.com\/index.php\/wp-json\/wp\/v2\/posts\/551\/revisions\/553"}],"wp:featuredmedia":[{"embeddable":true,"href":"https:\/\/pdemocraticoneuquen.com\/index.php\/wp-json\/wp\/v2\/media\/552"}],"wp:attachment":[{"href":"https:\/\/pdemocraticoneuquen.com\/index.php\/wp-json\/wp\/v2\/media?parent=551"}],"wp:term":[{"taxonomy":"category","embeddable":true,"href":"https:\/\/pdemocraticoneuquen.com\/index.php\/wp-json\/wp\/v2\/categories?post=551"},{"taxonomy":"post_tag","embeddable":true,"href":"https:\/\/pdemocraticoneuquen.com\/index.php\/wp-json\/wp\/v2\/tags?post=551"}],"curies":[{"name":"wp","href":"https:\/\/api.w.org\/{rel}","templated":true}]}}