{"id":541,"date":"2025-07-30T11:11:15","date_gmt":"2025-07-30T14:11:15","guid":{"rendered":"https:\/\/pdemocraticoneuquen.com\/?p=541"},"modified":"2025-07-30T11:11:15","modified_gmt":"2025-07-30T14:11:15","slug":"porta-pd-si-proceda-allestradizione-della-ex-deputata-brasiliana-carla-zambelli","status":"publish","type":"post","link":"https:\/\/pdemocraticoneuquen.com\/index.php\/2025\/07\/30\/porta-pd-si-proceda-allestradizione-della-ex-deputata-brasiliana-carla-zambelli\/","title":{"rendered":"PORTA (PD): SI PROCEDA ALL&#8217;ESTRADIZIONE DELLA EX DEPUTATA BRASILIANA CARLA ZAMBELLI"},"content":{"rendered":"\n<p>Dopo alcune settimane di latitanza la ex deputata brasiliana Carla Zambelli \u00e8 stata arrestata a Roma.&nbsp; &nbsp;<\/p>\n\n\n\n<p>Come avevo gi\u00e0 chiesto all&#8217;indomani della notizia del suo arrivo in Italia, occorre procedere celermente alla sua estradizione in Brasile secondo quanto previsto dall&#8217;accordo esistente in materia tra i due Paesi, peraltro gi\u00e0 rispettato nel recente passato nel caso di cittadini brasiliani anche in possesso della cittadinanza italiana.&nbsp; &nbsp;<\/p>\n\n\n\n<p>Il reato per il quale \u00e8 la Zambelli \u00e8 stata gi\u00e0 condannata a dieci anni di reclusione \u00e8 molto grave ed \u00e8 giusto che sia la giustizia brasiliana a prendere in carico colei che lo ha commesso.&nbsp; &nbsp;<\/p>\n\n\n\n<p>Continueremo a seguire questa vicenda, in coerenza con quanto abbiamo fatto in passato chiedendo tanto all&#8217;Italia quanto al Brasile il pieno rispetto di un accordo che prevede la cooperazione giudiziaria e la reciproca estradizione dei detenuti.<\/p>\n","protected":false},"excerpt":{"rendered":"<p>Dopo alcune settimane di latitanza la ex deputata brasiliana Carla Zambelli \u00e8 stata arrestata a Roma.&nbsp; &nbsp; Come avevo gi\u00e0 chiesto all&#8217;indomani della notizia del suo arrivo in Italia, occorre procedere celermente alla sua estradizione in Brasile secondo quanto previsto dall&#8217;accordo esistente in materia tra i due Paesi, peraltro gi\u00e0 rispettato nel recente passato nel &hellip;<\/p>\n","protected":false},"author":1,"featured_media":421,"comment_status":"closed","ping_status":"closed","sticky":false,"template":"","format":"standard","meta":{"footnotes":""},"categories":[4,7],"tags":[],"class_list":["post-541","post","type-post","status-publish","format-standard","has-post-thumbnail","hentry","category-fabio-porta","category-pd"],"aioseo_notices":[],"_links":{"self":[{"href":"https:\/\/pdemocraticoneuquen.com\/index.php\/wp-json\/wp\/v2\/posts\/541","targetHints":{"allow":["GET"]}}],"collection":[{"href":"https:\/\/pdemocraticoneuquen.com\/index.php\/wp-json\/wp\/v2\/posts"}],"about":[{"href":"https:\/\/pdemocraticoneuquen.com\/index.php\/wp-json\/wp\/v2\/types\/post"}],"author":[{"embeddable":true,"href":"https:\/\/pdemocraticoneuquen.com\/index.php\/wp-json\/wp\/v2\/users\/1"}],"replies":[{"embeddable":true,"href":"https:\/\/pdemocraticoneuquen.com\/index.php\/wp-json\/wp\/v2\/comments?post=541"}],"version-history":[{"count":1,"href":"https:\/\/pdemocraticoneuquen.com\/index.php\/wp-json\/wp\/v2\/posts\/541\/revisions"}],"predecessor-version":[{"id":542,"href":"https:\/\/pdemocraticoneuquen.com\/index.php\/wp-json\/wp\/v2\/posts\/541\/revisions\/542"}],"wp:featuredmedia":[{"embeddable":true,"href":"https:\/\/pdemocraticoneuquen.com\/index.php\/wp-json\/wp\/v2\/media\/421"}],"wp:attachment":[{"href":"https:\/\/pdemocraticoneuquen.com\/index.php\/wp-json\/wp\/v2\/media?parent=541"}],"wp:term":[{"taxonomy":"category","embeddable":true,"href":"https:\/\/pdemocraticoneuquen.com\/index.php\/wp-json\/wp\/v2\/categories?post=541"},{"taxonomy":"post_tag","embeddable":true,"href":"https:\/\/pdemocraticoneuquen.com\/index.php\/wp-json\/wp\/v2\/tags?post=541"}],"curies":[{"name":"wp","href":"https:\/\/api.w.org\/{rel}","templated":true}]}}