{"id":532,"date":"2025-07-02T19:09:20","date_gmt":"2025-07-02T22:09:20","guid":{"rendered":"https:\/\/pdemocraticoneuquen.com\/?p=532"},"modified":"2025-07-02T19:09:21","modified_gmt":"2025-07-02T22:09:21","slug":"pd-brasile-incontro-interreligioso-per-la-promozione-della-pace","status":"publish","type":"post","link":"https:\/\/pdemocraticoneuquen.com\/index.php\/2025\/07\/02\/pd-brasile-incontro-interreligioso-per-la-promozione-della-pace\/","title":{"rendered":"PD BRASILE: INCONTRO INTERRELIGIOSO PER LA PROMOZIONE DELLA PACE"},"content":{"rendered":"\n<p>Si terr\u00e0 il giorno 8 luglio 2025, alle ore 19:30 (ora Brasilia), l&#8217;Incontro interreligioso per la Promozione della Pace, organizzato dal Partito Democratico Italiano in Brasile in collaborazione con il Consiglio Nazionale delle Chiese Cristiane \u2013 CONIC.<\/p>\n\n\n\n<p>L&#8217;evento sar\u00e0 trasmesso in diretta sul canale YouTube: youtube.com\/@conicbrasil.<\/p>\n\n\n\n<p>L&#8217;incontro sar\u00e0 aperto dall&#8217;On. Fabio Porta, eletto nella Ripartizione America Meridionale e moderato dalla Pastora luterana Romi Bencke. All&#8217;incontro parteciperanno importanti esponenti di diverse tradizioni religiose, impegnati nel richiamo ai valori umanisti di armonia e fraternit\u00e0 tra i popoli, nonch\u00e9 nella salvaguardia ambientale del pianeta, nostra casa comune.<\/p>\n\n\n\n<p>Tra i partecipanti:<\/p>\n\n\n\n<p><br>\u2022&nbsp; &nbsp;&nbsp;<strong>Mons. Vicente de Paula Ferreira (Vescovo cattolico)<\/strong><br><strong>\u2022&nbsp; &nbsp; Monaco buddhista Ademar Sato<\/strong><br><strong>\u2022&nbsp; &nbsp; Vescova Marinez Bassotto, Primate della Chiesa Episcopale Anglicana del Brasile<\/strong><br><strong>\u2022&nbsp; &nbsp; Teologo islamico Attilla Kuss<\/strong><br><strong>\u2022&nbsp; &nbsp; Rabbino emerito Alexandre Leone (comunit\u00e0 Bnei Chalutzin)<\/strong><br><strong>\u2022&nbsp; &nbsp; Ialorix\u00e1 Y\u00e0 Sandrali de Oxum<\/strong><br><strong>\u2022&nbsp; &nbsp; Indigeno Gildo Xucuru<\/strong><\/p>\n\n\n\n<p><br>In un contesto mondiale segnato da guerre, genocidi e violenze, l&#8217;incontro intende sottolineare la fragilit\u00e0 dell&#8217;attuale scenario globale, che rappresenta gravi minacce per l&#8217;umanit\u00e0 e per l&#8217;ambiente. L&#8217;obiettivo dell&#8217;incontro \u00e8 la promozione di una cultura della PACE, fondata sul rispetto della diversit\u00e0, della multiculturalit\u00e0 e dell&#8217;ecologia integrale, intesi come valori da trasmettere alle generazioni future. L&#8217;incontro si ispirer\u00e0 anche al principio di solidariet\u00e0 intergenerazionale, elemento essenziale per la realizzazione della giustizia tra le generazioni.<\/p>\n\n\n\n<p>ON. FABIO PORTA<\/p>\n","protected":false},"excerpt":{"rendered":"<p>Si terr\u00e0 il giorno 8 luglio 2025, alle ore 19:30 (ora Brasilia), l&#8217;Incontro interreligioso per la Promozione della Pace, organizzato dal Partito Democratico Italiano in Brasile in collaborazione con il Consiglio Nazionale delle Chiese Cristiane \u2013 CONIC. L&#8217;evento sar\u00e0 trasmesso in diretta sul canale YouTube: youtube.com\/@conicbrasil. L&#8217;incontro sar\u00e0 aperto dall&#8217;On. Fabio Porta, eletto nella Ripartizione &hellip;<\/p>\n","protected":false},"author":1,"featured_media":503,"comment_status":"closed","ping_status":"closed","sticky":false,"template":"","format":"standard","meta":{"footnotes":""},"categories":[4,7],"tags":[],"class_list":["post-532","post","type-post","status-publish","format-standard","has-post-thumbnail","hentry","category-fabio-porta","category-pd"],"aioseo_notices":[],"_links":{"self":[{"href":"https:\/\/pdemocraticoneuquen.com\/index.php\/wp-json\/wp\/v2\/posts\/532","targetHints":{"allow":["GET"]}}],"collection":[{"href":"https:\/\/pdemocraticoneuquen.com\/index.php\/wp-json\/wp\/v2\/posts"}],"about":[{"href":"https:\/\/pdemocraticoneuquen.com\/index.php\/wp-json\/wp\/v2\/types\/post"}],"author":[{"embeddable":true,"href":"https:\/\/pdemocraticoneuquen.com\/index.php\/wp-json\/wp\/v2\/users\/1"}],"replies":[{"embeddable":true,"href":"https:\/\/pdemocraticoneuquen.com\/index.php\/wp-json\/wp\/v2\/comments?post=532"}],"version-history":[{"count":1,"href":"https:\/\/pdemocraticoneuquen.com\/index.php\/wp-json\/wp\/v2\/posts\/532\/revisions"}],"predecessor-version":[{"id":533,"href":"https:\/\/pdemocraticoneuquen.com\/index.php\/wp-json\/wp\/v2\/posts\/532\/revisions\/533"}],"wp:featuredmedia":[{"embeddable":true,"href":"https:\/\/pdemocraticoneuquen.com\/index.php\/wp-json\/wp\/v2\/media\/503"}],"wp:attachment":[{"href":"https:\/\/pdemocraticoneuquen.com\/index.php\/wp-json\/wp\/v2\/media?parent=532"}],"wp:term":[{"taxonomy":"category","embeddable":true,"href":"https:\/\/pdemocraticoneuquen.com\/index.php\/wp-json\/wp\/v2\/categories?post=532"},{"taxonomy":"post_tag","embeddable":true,"href":"https:\/\/pdemocraticoneuquen.com\/index.php\/wp-json\/wp\/v2\/tags?post=532"}],"curies":[{"name":"wp","href":"https:\/\/api.w.org\/{rel}","templated":true}]}}