{"id":527,"date":"2025-05-27T20:56:43","date_gmt":"2025-05-27T23:56:43","guid":{"rendered":"https:\/\/pdemocraticoneuquen.com\/?p=527"},"modified":"2025-05-27T20:56:44","modified_gmt":"2025-05-27T23:56:44","slug":"porta-pd-negato-lassegno-di-inclusione-agli-italiani-che-rimpatriano-la-mia-interrogazione","status":"publish","type":"post","link":"https:\/\/pdemocraticoneuquen.com\/index.php\/2025\/05\/27\/porta-pd-negato-lassegno-di-inclusione-agli-italiani-che-rimpatriano-la-mia-interrogazione\/","title":{"rendered":"PORTA (PD) &#8211; NEGATO L&#8217;ASSEGNO DI INCLUSIONE AGLI ITALIANI CHE RIMPATRIANO: LA MIA INTERROGAZIONE"},"content":{"rendered":"\n<p><br><br>Negare l&#8217;Assegno di inclusione (e quindi anche il Supporto pe la formazione e il lavoro) ai nostri emigrati che rientrano in Italia \u2013 dopo aver cancellato a partire da quest&#8217;anno con un colpo di spugna anche l&#8217;indennit\u00e0 di disoccupazione che veniva erogata sin dal lontano 1975 &#8211; per ragioni legate esclusivamente a requisiti residenziali, non solo \u00e8 una aberrazione giuridica ma \u00e8 anche e soprattutto un ulteriore oltraggio e una ingiustizia contro il mondo dell&#8217;emigrazione da parte di questo Governo.<\/p>\n\n\n\n<p>Nella mia interrogazione al Ministro del Lavoro ho evidenziato che sono decine di migliaia i lavoratori italiani iscritti all&#8217;Aire (Anagrafe degli Italiani Residenti all&#8217;Estero) i quali rientrano in Italia dopo un periodo di permanenza all&#8217;estero e si trovano in una situazione di disoccupazione e di disagio socio-economico.&nbsp;<\/p>\n\n\n\n<p>Come \u00e8 noto dallo scorso anno \u00e8 stato istituito l&#8217;Assegno di inclusione (ADI) come misura nazionale di contrasto alla povert\u00e0 e all&#8217;esclusione sociale delle fasce deboli attraverso la concessione di un assegno economico e l&#8217;avviamento di un percorso di inclusione sociale professionale che teoricamente avrebbe potuto rappresentare un iniziale strumento di inserimento socio-economico e poi lavorativo per un numero consistente di nostri connazionali rientrati dall&#8217;estero dopo aver perso il posto di lavoro.&nbsp;<\/p>\n\n\n\n<p>Ho rilevato al Governo che tuttavia e paradossalmente i nostri connazionali iscritti all&#8217;AIRE i quali rientrano definitivamente in Italia non possono usufruire dell&#8217;ADI perch\u00e8 il richiedente (e i suoi familiari) al momento della presentazione della domanda, in base al disposto della legge istitutiva, deve essere residente in Italia da almeno cinque anni di cui gli ultimi due in modo continuativo prima della presentazione della domanda. Insomma per limitare la platea degli aventi diritto tra gli extracomunitari, questo Governo penalizza invece soprttutto i nostri emigrati che rimpatriano.&nbsp;<\/p>\n\n\n\n<p>Ho chiesto quindi al Ministero se sia consapevole che n\u00e9 l&#8217;Assegno di inclusione n\u00e9 il Supporto per la formazione e il lavoro \u2013 i nuovi strumenti post Reddito di cittadinanza &#8211; sono accessibili agli italiani che rientrano in quanto i connazionali che rientrano sono ovviamente sprovvisti del requisito di residenza richiesto dalla legge e cio\u00e8 dei due anni di residenza continuativa in Italia nel periodo immediatamente precedente la presentazione della domanda avendo in questo periodo vissuto all&#8217;estero.&nbsp;<\/p>\n\n\n\n<p>Ho chiesto inoltre al Ministro se non ritenga ingiusto e penalizzante per i nostri connazionali che rimpatriano, e ai quali \u00e8 stato recentemente abrogato il diritto all&#8217;indennit\u00e0 di disoccupazione, precludere l&#8217;accesso all&#8217;ADI anche e soprattutto in considerazione del fatto che subordinare le prestazioni di contrasto alla povert\u00e0 e all&#8217;esclusione sociale come prima il Reddito di cittadinanza e ora l&#8217;Assegno di inclusione (e il Supporto per la formazione ed il lavoro) a specifici requisiti di residenza viola i principi dei Trattati europei e dei relativi regolamenti.&nbsp;<\/p>\n\n\n\n<p>Infine, ho chiesto al Ministro se non ritenga perci\u00f2 necessario, pena una ennesima procedura di infrazione contro l&#8217;Italia da parte della Commissione europea, modificare i requisiti di residenza per l&#8217;accesso all&#8217;ADI in modo da garantire anche ai nostri connazionali che rimpatriamo e alle loro famiglie il diritto a tale sostegno economico e occupazionale.<\/p>\n\n\n\n<p><br>ON. FABIO PORTA<\/p>\n","protected":false},"excerpt":{"rendered":"<p>Negare l&#8217;Assegno di inclusione (e quindi anche il Supporto pe la formazione e il lavoro) ai nostri emigrati che rientrano in Italia \u2013 dopo aver cancellato a partire da quest&#8217;anno con un colpo di spugna anche l&#8217;indennit\u00e0 di disoccupazione che veniva erogata sin dal lontano 1975 &#8211; per ragioni legate esclusivamente a requisiti residenziali, non &hellip;<\/p>\n","protected":false},"author":1,"featured_media":386,"comment_status":"closed","ping_status":"closed","sticky":false,"template":"","format":"standard","meta":{"footnotes":""},"categories":[4,7],"tags":[],"class_list":["post-527","post","type-post","status-publish","format-standard","has-post-thumbnail","hentry","category-fabio-porta","category-pd"],"aioseo_notices":[],"_links":{"self":[{"href":"https:\/\/pdemocraticoneuquen.com\/index.php\/wp-json\/wp\/v2\/posts\/527","targetHints":{"allow":["GET"]}}],"collection":[{"href":"https:\/\/pdemocraticoneuquen.com\/index.php\/wp-json\/wp\/v2\/posts"}],"about":[{"href":"https:\/\/pdemocraticoneuquen.com\/index.php\/wp-json\/wp\/v2\/types\/post"}],"author":[{"embeddable":true,"href":"https:\/\/pdemocraticoneuquen.com\/index.php\/wp-json\/wp\/v2\/users\/1"}],"replies":[{"embeddable":true,"href":"https:\/\/pdemocraticoneuquen.com\/index.php\/wp-json\/wp\/v2\/comments?post=527"}],"version-history":[{"count":1,"href":"https:\/\/pdemocraticoneuquen.com\/index.php\/wp-json\/wp\/v2\/posts\/527\/revisions"}],"predecessor-version":[{"id":528,"href":"https:\/\/pdemocraticoneuquen.com\/index.php\/wp-json\/wp\/v2\/posts\/527\/revisions\/528"}],"wp:featuredmedia":[{"embeddable":true,"href":"https:\/\/pdemocraticoneuquen.com\/index.php\/wp-json\/wp\/v2\/media\/386"}],"wp:attachment":[{"href":"https:\/\/pdemocraticoneuquen.com\/index.php\/wp-json\/wp\/v2\/media?parent=527"}],"wp:term":[{"taxonomy":"category","embeddable":true,"href":"https:\/\/pdemocraticoneuquen.com\/index.php\/wp-json\/wp\/v2\/categories?post=527"},{"taxonomy":"post_tag","embeddable":true,"href":"https:\/\/pdemocraticoneuquen.com\/index.php\/wp-json\/wp\/v2\/tags?post=527"}],"curies":[{"name":"wp","href":"https:\/\/api.w.org\/{rel}","templated":true}]}}