{"id":522,"date":"2025-05-26T16:32:04","date_gmt":"2025-05-26T19:32:04","guid":{"rendered":"https:\/\/pdemocraticoneuquen.com\/?p=522"},"modified":"2025-05-26T16:32:05","modified_gmt":"2025-05-26T19:32:05","slug":"migrante-e-missionario","status":"publish","type":"post","link":"https:\/\/pdemocraticoneuquen.com\/index.php\/2025\/05\/26\/migrante-e-missionario\/","title":{"rendered":"MIGRANTE E MISSIONARIO"},"content":{"rendered":"\n<p>Papa Leone XIV inizia il suo pontificato nel segno dell&#8217;unit\u00e0 della Chiesa universale<\/p>\n\n\n\n<p>Non sarebbe stato facile per nessuno succedere a Papa Francesco; il pontificato dell&#8217;italo-argentino Bergoglio aveva colpito profondamente la Chiesa cattolica e l&#8217;opinione pubblica mondiale per l&#8217;umanit\u00e0 e la semplicit\u00e0 del successore di Benedetto XVI. L&#8217;improvvisa morte di Francesco, all&#8217;indomani della benedizione &#8216;urbi et orbi&#8217; dalla loggia di San Pietro aveva causato una commozione generale che andava ben al di l\u00e0 del pur grande popolo dei cattolici.<\/p>\n\n\n\n<p>Eppure, lo Spirito Santo (per chi ci crede, o &#8211; pi\u00f9 semplicemente &#8211; la saggezza del collegio cardinalizio) \u00e8 stato in grado di stupirci ancora una volta individuando colui che oggi, dentro e fuori la Chiesa cattolica, \u00e8 ritenuto il pastore pi\u00f9 adatto a restituire unit\u00e0 alla comunit\u00e0 ecclesiale e soprattutto a metterla in grado di affrontare le complesse e per certi versi drammatiche sfide del mondo di oggi.<\/p>\n\n\n\n<p>Papa Prevost racchiude infatti in s\u00e9 tutte le caratteristiche necessarie per essere all&#8217;altezza di questa difficile scommessa: \u00e8 un fine teologo formatosi alla scuola di Sant&#8217;Agostino; \u00e8 anche un pastore missionario, per oltre dieci anni vescovo della diocesi di Chiclayo in Peru; conosce bene la curia romana, avendo diretto il delicato dicastero che sovrintende ai vescovi di tutto il mondo; \u00e8 infine un americano di Chicago, provenienza che inevitabilmente i media di tutto il mondo hanno letto in correlazione a quello che fino all&#8217;8 maggio era lo statunitense pi\u00f9 famoso del mondo, il Presidente Donald Trump.<\/p>\n\n\n\n<p>Rivolgendosi ai fedeli di tutto il mondo a poche ore dal fatidico \u00abHabemus Papam!\u00bb Papa Leone ha mostrato i tratti di una persona mite e gentile ma al tempo stesso portatore di un messaggio chiaro e forte: il suo ripetuto appello ad una pace disarmata e disarmante \u00e8 apparso a tutti come il primo imperativo di un pontificato consapevole di una missione che va oltre i confini della stessa Chiesa cattolica. Analogamente, la scelta del nome (mai casuale per un pontefice) richiama sicuramente Papa Leone XIII, l&#8217;autore dell&#8217;enciclica \u00abRerum Novarum\u00bb che segnava storicamente l&#8217;inizio della dottrina sociale della Chiesa.<\/p>\n\n\n\n<p>Alla fine dell&#8217;Ottocento la rivoluzione industriale si imponeva al mondo come fattore dirompente per lo sviluppo delle societ\u00e0 ma anche come elemento determinante della crescita delle ingiustizie sociali; l&#8217;Italia in quel periodo fu segnata dalla prima grande ondata migratoria che port\u00f2 anche la Chiesa cattolica a interrogarsi sulla necessit\u00e0 di una pastorale rivolta ai migranti. E non \u00e8 un caso che Padre Scalabrini e Madre Cabrini, i due santi delle migrazioni, svolgono in quella fase storica il loro apostolato missionario; e forse non \u00e8 casuale che Madre Cabrini svilupper\u00e0 la sua pastorale dei migranti proprio tra Chicago e il Sudamerica, in un ideale percorso spirituale che dopo oltre un secolo il vescovo Prevost si trover\u00e0 a ripercorrere.<\/p>\n\n\n\n<p>Un Papa dei migranti quindi, figlio di emigranti francesi e italiani, ma anche un Papa missionario, forgiatosi nella profonda esperienza tra i poveri del Peru. Un Papa dei ponti e non dei muri, infine, che dovr\u00e0 affrontare l&#8217;egoismo e il cinismo di una societ\u00e0 dove sempre pi\u00f9 spesso l&#8217;immigrato viene considerato una minaccia e non un&#8217;opportunit\u00e0 per la costruzione di un mondo migliore.<\/p>\n\n\n\n<p>In un mondo orfano di leader e minacciato dalla paura, Papa Leone si presenta come l&#8217;unica vera e credibile speranza di pace e di giustizia. Che i potenti della terra lo ascoltino, con coraggio e senza ipocrisia.<\/p>\n","protected":false},"excerpt":{"rendered":"<p>Papa Leone XIV inizia il suo pontificato nel segno dell&#8217;unit\u00e0 della Chiesa universale Non sarebbe stato facile per nessuno succedere a Papa Francesco; il pontificato dell&#8217;italo-argentino Bergoglio aveva colpito profondamente la Chiesa cattolica e l&#8217;opinione pubblica mondiale per l&#8217;umanit\u00e0 e la semplicit\u00e0 del successore di Benedetto XVI. L&#8217;improvvisa morte di Francesco, all&#8217;indomani della benedizione &#8216;urbi &hellip;<\/p>\n","protected":false},"author":1,"featured_media":465,"comment_status":"closed","ping_status":"closed","sticky":false,"template":"","format":"standard","meta":{"footnotes":""},"categories":[4,7],"tags":[],"class_list":["post-522","post","type-post","status-publish","format-standard","has-post-thumbnail","hentry","category-fabio-porta","category-pd"],"aioseo_notices":[],"_links":{"self":[{"href":"https:\/\/pdemocraticoneuquen.com\/index.php\/wp-json\/wp\/v2\/posts\/522","targetHints":{"allow":["GET"]}}],"collection":[{"href":"https:\/\/pdemocraticoneuquen.com\/index.php\/wp-json\/wp\/v2\/posts"}],"about":[{"href":"https:\/\/pdemocraticoneuquen.com\/index.php\/wp-json\/wp\/v2\/types\/post"}],"author":[{"embeddable":true,"href":"https:\/\/pdemocraticoneuquen.com\/index.php\/wp-json\/wp\/v2\/users\/1"}],"replies":[{"embeddable":true,"href":"https:\/\/pdemocraticoneuquen.com\/index.php\/wp-json\/wp\/v2\/comments?post=522"}],"version-history":[{"count":1,"href":"https:\/\/pdemocraticoneuquen.com\/index.php\/wp-json\/wp\/v2\/posts\/522\/revisions"}],"predecessor-version":[{"id":523,"href":"https:\/\/pdemocraticoneuquen.com\/index.php\/wp-json\/wp\/v2\/posts\/522\/revisions\/523"}],"wp:featuredmedia":[{"embeddable":true,"href":"https:\/\/pdemocraticoneuquen.com\/index.php\/wp-json\/wp\/v2\/media\/465"}],"wp:attachment":[{"href":"https:\/\/pdemocraticoneuquen.com\/index.php\/wp-json\/wp\/v2\/media?parent=522"}],"wp:term":[{"taxonomy":"category","embeddable":true,"href":"https:\/\/pdemocraticoneuquen.com\/index.php\/wp-json\/wp\/v2\/categories?post=522"},{"taxonomy":"post_tag","embeddable":true,"href":"https:\/\/pdemocraticoneuquen.com\/index.php\/wp-json\/wp\/v2\/tags?post=522"}],"curies":[{"name":"wp","href":"https:\/\/api.w.org\/{rel}","templated":true}]}}