{"id":516,"date":"2025-05-19T16:27:23","date_gmt":"2025-05-19T19:27:23","guid":{"rendered":"https:\/\/pdemocraticoneuquen.com\/?p=516"},"modified":"2025-05-19T16:27:24","modified_gmt":"2025-05-19T19:27:24","slug":"vecchipd-destra-vota-contro-i-diritti-degli-italiani-nel-mondo","status":"publish","type":"post","link":"https:\/\/pdemocraticoneuquen.com\/index.php\/2025\/05\/19\/vecchipd-destra-vota-contro-i-diritti-degli-italiani-nel-mondo\/","title":{"rendered":"Vecchi(Pd): \u00abDestra vota contro i diritti degli italiani nel mondo\u00bb"},"content":{"rendered":"\n<p>\u00abNell&#8217;assai poco convincente tentativo di attribuire a &#8216;distrazioni&#8217; dell&#8217;opposizione l&#8217;approvazione al Senato della conversione in Legge del pessimo &#8216;decreto Tajani&#8217;, i massimi esponenti del MAIE cercano, peraltro con scarso successo, di occultare la realt\u00e0 che li riguarda.\u00bb Lo dichiara Luciano Vecchi, Responsabile per gli italiani nel mondo del Partito Democratico. \u00abLa realt\u00e0 &#8211; spiega Vecchi &#8211; \u00e8 che al decreto vi \u00e8 stato il voto compatto a favore di tutta la maggioranza di centrodestra, compreso il gruppo di Noi Moderati, Maggioranza e Gruppo di cui il MAIE \u00e8 parte integrante. Il Partito Democratico &#8211; ha sottolineato l&#8217;esponente del Pd &#8211; \u00e8 la forza politica e parlamentare che pi\u00f9 si sta battendo, senza ambiguit\u00e0 ed infingimenti, contro la cancellazione dei diritti degli italiani che vivono, lavorano e studiano all&#8217;estero. Battaglia che continua in questi giorni alla Camera dei Deputati dove, \u00e8 facile, purtroppo, prevederlo, la maggioranza di destra e tutti i suoi gruppi parlamentari (compreso quello a cui il MAIE appartiene) voteranno contro diritti e interessi degli italiani nel mondo.\u00bb \u00abSarebbe interessante &#8211; conclude Vecchi &#8211; sapere se, a questo punto, il MAIE intenda o meno uscire da una maggioranza di governo che si sta dimostrando essere il peggiore nemico delle comunit\u00e0 e degli italiani nel mondo\u00bb.<\/p>\n","protected":false},"excerpt":{"rendered":"<p>\u00abNell&#8217;assai poco convincente tentativo di attribuire a &#8216;distrazioni&#8217; dell&#8217;opposizione l&#8217;approvazione al Senato della conversione in Legge del pessimo &#8216;decreto Tajani&#8217;, i massimi esponenti del MAIE cercano, peraltro con scarso successo, di occultare la realt\u00e0 che li riguarda.\u00bb Lo dichiara Luciano Vecchi, Responsabile per gli italiani nel mondo del Partito Democratico. \u00abLa realt\u00e0 &#8211; spiega Vecchi &hellip;<\/p>\n","protected":false},"author":1,"featured_media":517,"comment_status":"closed","ping_status":"closed","sticky":false,"template":"","format":"standard","meta":{"footnotes":""},"categories":[7],"tags":[],"class_list":["post-516","post","type-post","status-publish","format-standard","has-post-thumbnail","hentry","category-pd"],"aioseo_notices":[],"_links":{"self":[{"href":"https:\/\/pdemocraticoneuquen.com\/index.php\/wp-json\/wp\/v2\/posts\/516","targetHints":{"allow":["GET"]}}],"collection":[{"href":"https:\/\/pdemocraticoneuquen.com\/index.php\/wp-json\/wp\/v2\/posts"}],"about":[{"href":"https:\/\/pdemocraticoneuquen.com\/index.php\/wp-json\/wp\/v2\/types\/post"}],"author":[{"embeddable":true,"href":"https:\/\/pdemocraticoneuquen.com\/index.php\/wp-json\/wp\/v2\/users\/1"}],"replies":[{"embeddable":true,"href":"https:\/\/pdemocraticoneuquen.com\/index.php\/wp-json\/wp\/v2\/comments?post=516"}],"version-history":[{"count":1,"href":"https:\/\/pdemocraticoneuquen.com\/index.php\/wp-json\/wp\/v2\/posts\/516\/revisions"}],"predecessor-version":[{"id":518,"href":"https:\/\/pdemocraticoneuquen.com\/index.php\/wp-json\/wp\/v2\/posts\/516\/revisions\/518"}],"wp:featuredmedia":[{"embeddable":true,"href":"https:\/\/pdemocraticoneuquen.com\/index.php\/wp-json\/wp\/v2\/media\/517"}],"wp:attachment":[{"href":"https:\/\/pdemocraticoneuquen.com\/index.php\/wp-json\/wp\/v2\/media?parent=516"}],"wp:term":[{"taxonomy":"category","embeddable":true,"href":"https:\/\/pdemocraticoneuquen.com\/index.php\/wp-json\/wp\/v2\/categories?post=516"},{"taxonomy":"post_tag","embeddable":true,"href":"https:\/\/pdemocraticoneuquen.com\/index.php\/wp-json\/wp\/v2\/tags?post=516"}],"curies":[{"name":"wp","href":"https:\/\/api.w.org\/{rel}","templated":true}]}}