{"id":505,"date":"2025-04-18T21:00:29","date_gmt":"2025-04-19T00:00:29","guid":{"rendered":"https:\/\/pdemocraticoneuquen.com\/?p=505"},"modified":"2025-04-18T21:00:29","modified_gmt":"2025-04-19T00:00:29","slug":"porta-pd-ripristinare-detrazioni-per-figli-a-carico-dei-residenti-allestero-interrogazione-al-ministro-del-lavoro","status":"publish","type":"post","link":"https:\/\/pdemocraticoneuquen.com\/index.php\/2025\/04\/18\/porta-pd-ripristinare-detrazioni-per-figli-a-carico-dei-residenti-allestero-interrogazione-al-ministro-del-lavoro\/","title":{"rendered":"PORTA (PD) &#8211; RIPRISTINARE DETRAZIONI PER FIGLI A CARICO DEI RESIDENTI ALL&#8217;ESTERO: INTERROGAZIONE AL MINISTRO DEL LAVORO"},"content":{"rendered":"\n<p>Sono tre anni che i contribuenti italiani residenti all&#8217;estero i quali producono almeno il 75% del loro reddito in Italia (titolari di redditi da lavoro dipendente e\/o assimilati)&nbsp;&nbsp;sono stati privati delle detrazioni per figli a carico di et\u00e0 inferiore ai 21 anni (e anche dell&#8217;Assegno al nucleo familiare) ma nonostante le continue proteste di migliaia di nostri connazionali colpiti da questo ingiusto provvedimento nulla finora \u00e8 stato fatto da questo Governo per sanare la situazione.<\/p>\n\n\n\n<p>Giova ricordare che in seguito ad alcune modifiche al nostro sistema fiscale introdotte fino al 2016 i soggetti residenti all&#8217;estero in uno Stato che assicuri un adeguato scambio di informazioni possono beneficiare delle detrazioni e delle deduzioni previste dagli articoli da 1 a 23 del TUIR (Testo Unico delle Imposte sui Redditi) in forma completa, analogamente a quanto previsto per i soggetti residenti, comprese le detrazioni per carichi di famiglia, a condizione che il reddito prodotto dal soggetto nel territorio dello Stato italiano sia pari almeno al 75 per cento del reddito dallo stesso complessivamente prodotto e che il soggetto non goda di agevolazioni fiscali analoghe nello Stato di residenza.<\/p>\n\n\n\n<p>Tuttavia \u2013 ho sottolineato nella mia interrogazione al Ministro del Lavoro &#8211; tali soggetti, che sono definiti \u00abnon residenti Schumacher\u00bb, hanno potuto usufruire delle detrazioni per figli a carico (fino ai 21 anni) solo fino a marzo del 2022 quando con l&#8217;introduzione dell&#8217;Assegno Unico tali detrazioni (insieme all&#8217;ANF) sono state eliminate sia per i residenti in Italia che per i residenti all&#8217;estero. Se da una parte per\u00f2 l&#8217;abolizione delle detrazioni per figli a carico (ma anche dell&#8217;assegno per il nucleo&nbsp;&nbsp;familiare) non ha comportato particolare danno per i residenti in Italia che in sostituzione si sono visti riconoscere l&#8217;Assegno unico universale, dall&#8217;altra parte invece vi sono state conseguenze economiche pesanti (da centinaia a migliaia di euro annui a soggetto) per i contrbuenti italiani residenti all&#8217;estero ai quali non sono state pi\u00f9 concesse le detrazioni e&nbsp;&nbsp;ai quali non pu\u00f2 essere riconosciuto l&#8217;Assegno unico universale per i figli che \u00e8 subordinato alla residenza in Italia, nonostante essi paghino le tasse e la contribuzione previdenziale in Italia.<\/p>\n\n\n\n<p>Per questo motivo e per tutelare i diritti dei nostri lavoratori e pensionati residenti all&#8217;estero ho chiesto al Ministro del Lavoro se non ritenga, in conformit\u00e0 con quanto disposto da regolamenti e direttive comunitarie sull&#8217;esportabilit\u00e0 delle prestazioni e da numerose sentenze della Corte di Giustizia europea e alla luce delle recenti procedure di infrazione contro l&#8217;Italia da parte della Commissione europea, che l&#8217;Assegno unico universale sia concesso anche ai cittadini italiani residenti all&#8217;estero i quali pagano oltre il 75% delle imposte sul loro reddito complessivo in Italia e non sono percettori di analoghe prestazioni all&#8217;estero e che, inoltre e comunque, non sia opportuno con uno specifico provvedimento legislativo ripristinare per gli stessi \u00abnon residenti Schumacher\u00bb il diritto, revocato dal 1\u00b0 marzo 2022, alle detrazioni per figli a carico di et\u00e0 inferiore ai 21 anni (e alla concessione dell&#8217;assegno al nucleo familiare).<\/p>\n","protected":false},"excerpt":{"rendered":"<p>Sono tre anni che i contribuenti italiani residenti all&#8217;estero i quali producono almeno il 75% del loro reddito in Italia (titolari di redditi da lavoro dipendente e\/o assimilati)&nbsp;&nbsp;sono stati privati delle detrazioni per figli a carico di et\u00e0 inferiore ai 21 anni (e anche dell&#8217;Assegno al nucleo familiare) ma nonostante le continue proteste di migliaia &hellip;<\/p>\n","protected":false},"author":1,"featured_media":506,"comment_status":"closed","ping_status":"closed","sticky":false,"template":"","format":"standard","meta":{"footnotes":""},"categories":[4,7],"tags":[],"class_list":["post-505","post","type-post","status-publish","format-standard","has-post-thumbnail","hentry","category-fabio-porta","category-pd"],"aioseo_notices":[],"_links":{"self":[{"href":"https:\/\/pdemocraticoneuquen.com\/index.php\/wp-json\/wp\/v2\/posts\/505","targetHints":{"allow":["GET"]}}],"collection":[{"href":"https:\/\/pdemocraticoneuquen.com\/index.php\/wp-json\/wp\/v2\/posts"}],"about":[{"href":"https:\/\/pdemocraticoneuquen.com\/index.php\/wp-json\/wp\/v2\/types\/post"}],"author":[{"embeddable":true,"href":"https:\/\/pdemocraticoneuquen.com\/index.php\/wp-json\/wp\/v2\/users\/1"}],"replies":[{"embeddable":true,"href":"https:\/\/pdemocraticoneuquen.com\/index.php\/wp-json\/wp\/v2\/comments?post=505"}],"version-history":[{"count":1,"href":"https:\/\/pdemocraticoneuquen.com\/index.php\/wp-json\/wp\/v2\/posts\/505\/revisions"}],"predecessor-version":[{"id":507,"href":"https:\/\/pdemocraticoneuquen.com\/index.php\/wp-json\/wp\/v2\/posts\/505\/revisions\/507"}],"wp:featuredmedia":[{"embeddable":true,"href":"https:\/\/pdemocraticoneuquen.com\/index.php\/wp-json\/wp\/v2\/media\/506"}],"wp:attachment":[{"href":"https:\/\/pdemocraticoneuquen.com\/index.php\/wp-json\/wp\/v2\/media?parent=505"}],"wp:term":[{"taxonomy":"category","embeddable":true,"href":"https:\/\/pdemocraticoneuquen.com\/index.php\/wp-json\/wp\/v2\/categories?post=505"},{"taxonomy":"post_tag","embeddable":true,"href":"https:\/\/pdemocraticoneuquen.com\/index.php\/wp-json\/wp\/v2\/tags?post=505"}],"curies":[{"name":"wp","href":"https:\/\/api.w.org\/{rel}","templated":true}]}}