{"id":502,"date":"2025-04-18T20:55:37","date_gmt":"2025-04-18T23:55:37","guid":{"rendered":"https:\/\/pdemocraticoneuquen.com\/?p=502"},"modified":"2025-04-18T20:55:38","modified_gmt":"2025-04-18T23:55:38","slug":"il-bambino-e-lacqua-sporca","status":"publish","type":"post","link":"https:\/\/pdemocraticoneuquen.com\/index.php\/2025\/04\/18\/il-bambino-e-lacqua-sporca\/","title":{"rendered":"IL BAMBINO E L&#8217;ACQUA SPORCA"},"content":{"rendered":"\n<p><strong><em>Il decreto cittadinanza del governo Meloni genera delusione e rabbia tra gli italiani nel mondo<\/em><\/strong><br><br>I modi di dire spesso aiutano a rendere meglio un&#8217;idea, pi\u00f9 di lunghe argomentazioni retoriche; in questo caso parlare del classico \u00abbambino e dell&#8217;acqua sporca\u00bb ci fa capire benissimo quanto rischia di succedere se il Parlamento italiano dovesse approvare il cosiddetto \u00abdecreto cittadinanza\u00bb presentato il 27 marzo scorso dal Ministro degli Esteri Antonio Tajani al Consiglio dei Ministri, convertendo in legge i contenuti di quel decreto \u2013 gi\u00e0 approvato all&#8217;unanimit\u00e0 dal Consiglio dei Ministri presieduto da Giorgia Meloni \u2013 che con un colpo di mano governativo farebbe diventare la legislazione italiana sulla cittadinanza tra le pi\u00f9 rigide di tutta l&#8217;Unione Europea.<br><br>Una normativa, lo abbiamo sostenuto in tanti e scritto pi\u00f9 volte su questa rivista, che andava adeguata anzitutto rendendo pi\u00f9 semplice l&#8217;accesso alla cittadinanza di quei tanti ragazzi che gi\u00e0 vivono e studiano in Italia ma ai quali questo diritto viene ancora negato in maniera miope e obsoleta; un intervento auspicato dallo stesso Ministro degli Esteri e che faceva parte della proposta di legge &#8216;ius Italiae&#8217; che il suo partito ha gi\u00e0 depositato in Parlamento, che andava semmai accompagnato da un parallelo adeguamento dello &#8216;ius sanguinis&#8217; attraverso l&#8217;inserimento di elementi di conoscenza della lingua e della cultura italiana che ne rafforzassero il vincolo genuino con la madrepatria.<br><br>Tutto ci\u00f2, in un Paese realmente democratico e rispettoso dell&#8217;equilibrio tra i poteri stabiliti dalla Costituzione, doveva per\u00f2 avvenire in Parlamento (dove gi\u00e0 erano stati depositate diverse proposte di legge in materia) in un confronto utile e necessario con l&#8217;articolato sistema di rappresentanza degli italiani all&#8217;estero e tenendo in debito conto la complessit\u00e0 e delicatezza di una materia che andrebbe trattata con grande sensibilit\u00e0 e le dovute gradualit\u00e0 in grado di attenuarne l&#8217;impatto su una collettivit\u00e0 attualmente costituita da diversi milioni di italiani nel mondo.<br><br>Agendo in questa maniera, scegliendo il ricorso alla decretazione d&#8217;urgenza senza che ne esistessero i relativi presupposti, il governo di Giorgia Meloni non soltanto smentisce s\u00e9 stesso e le sue promesse agli elettori ma finisce per confermare un approccio al fenomeno migratorio viziato da un&#8217;ideologia nazionalista e da una visione repressiva che dimentica il valore storico, i sacrifici e soprattutto l&#8217;incommensurabile apporto di risorse umane ed economiche che gli italo-discendenti potrebbero continuare ad offrire al Paese.<br><br>La recessione demografica, infatti, \u00e8 la vera emergenza dell&#8217;Italia; lo scorso anno sono stati 190mila gli italiani espatriati e senza una politica intelligente di ricorso all&#8217;immigrazione regolare ed un parallelo programma di attrazione delle nuove generazioni di italo-discendenti nate all&#8217;estero saremo destinati nei prossimi anni a perdere sistematicamente competitivit\u00e0 nonch\u00e9 a rendere insostenibile il nostro Stato sociale.<br><br>Una strana maniera di chiudere l&#8217;anno delle radici italiane nel mondo e le celebrazioni dei centocinquanta anni di immigrazione italiana in Brasile: un tempismo perfetto, quello del governo italiano, che con uno schiaffo plateale rischia di compromettere un rapporto storico e profondo con la nostra diaspora, vero e proprio valore aggiunto dell&#8217;Italia nel mondo.<\/p>\n\n\n\n<p>On. Fabio Porta<\/p>\n\n\n\n<p><\/p>\n","protected":false},"excerpt":{"rendered":"<p>Il decreto cittadinanza del governo Meloni genera delusione e rabbia tra gli italiani nel mondoI modi di dire spesso aiutano a rendere meglio un&#8217;idea, pi\u00f9 di lunghe argomentazioni retoriche; in questo caso parlare del classico \u00abbambino e dell&#8217;acqua sporca\u00bb ci fa capire benissimo quanto rischia di succedere se il Parlamento italiano dovesse approvare il cosiddetto &hellip;<\/p>\n","protected":false},"author":1,"featured_media":503,"comment_status":"closed","ping_status":"closed","sticky":false,"template":"","format":"standard","meta":{"footnotes":""},"categories":[4,7],"tags":[],"class_list":["post-502","post","type-post","status-publish","format-standard","has-post-thumbnail","hentry","category-fabio-porta","category-pd"],"aioseo_notices":[],"_links":{"self":[{"href":"https:\/\/pdemocraticoneuquen.com\/index.php\/wp-json\/wp\/v2\/posts\/502","targetHints":{"allow":["GET"]}}],"collection":[{"href":"https:\/\/pdemocraticoneuquen.com\/index.php\/wp-json\/wp\/v2\/posts"}],"about":[{"href":"https:\/\/pdemocraticoneuquen.com\/index.php\/wp-json\/wp\/v2\/types\/post"}],"author":[{"embeddable":true,"href":"https:\/\/pdemocraticoneuquen.com\/index.php\/wp-json\/wp\/v2\/users\/1"}],"replies":[{"embeddable":true,"href":"https:\/\/pdemocraticoneuquen.com\/index.php\/wp-json\/wp\/v2\/comments?post=502"}],"version-history":[{"count":1,"href":"https:\/\/pdemocraticoneuquen.com\/index.php\/wp-json\/wp\/v2\/posts\/502\/revisions"}],"predecessor-version":[{"id":504,"href":"https:\/\/pdemocraticoneuquen.com\/index.php\/wp-json\/wp\/v2\/posts\/502\/revisions\/504"}],"wp:featuredmedia":[{"embeddable":true,"href":"https:\/\/pdemocraticoneuquen.com\/index.php\/wp-json\/wp\/v2\/media\/503"}],"wp:attachment":[{"href":"https:\/\/pdemocraticoneuquen.com\/index.php\/wp-json\/wp\/v2\/media?parent=502"}],"wp:term":[{"taxonomy":"category","embeddable":true,"href":"https:\/\/pdemocraticoneuquen.com\/index.php\/wp-json\/wp\/v2\/categories?post=502"},{"taxonomy":"post_tag","embeddable":true,"href":"https:\/\/pdemocraticoneuquen.com\/index.php\/wp-json\/wp\/v2\/tags?post=502"}],"curies":[{"name":"wp","href":"https:\/\/api.w.org\/{rel}","templated":true}]}}