{"id":499,"date":"2025-04-16T16:08:55","date_gmt":"2025-04-16T19:08:55","guid":{"rendered":"https:\/\/pdemocraticoneuquen.com\/?p=499"},"modified":"2025-04-16T16:08:55","modified_gmt":"2025-04-16T19:08:55","slug":"fabio-porta-pd-centri-albania-messinscena-piantedosi-chiarisca","status":"publish","type":"post","link":"https:\/\/pdemocraticoneuquen.com\/index.php\/2025\/04\/16\/fabio-porta-pd-centri-albania-messinscena-piantedosi-chiarisca\/","title":{"rendered":"Fabio Porta (Pd): centri Albania messinscena, Piantedosi chiarisca"},"content":{"rendered":"\n<p>\u00abNei giorni scorsi mi sono recato in missione in Albania per visitare i centri per migranti realizzati dal governo Meloni. Quella che ho trovato \u00e8 una situazione a dir poco sconcertante: a fronte di una previsione di tremila migranti al mese, in sei mesi sono arrivati appena 100 persone. Oggi quei centri ospitano soltanto migranti gi\u00e0 detenuti nei nostri Cpr, trasferiti all&#8217;estero per puro scopo propagandistico\u00bb.<\/p>\n\n\n\n<p>\u00ab\u00c8 inaccettabile &#8211; conclude Porta &#8211; che si mascheri questo flop come una misura efficace contro il crimine. Non si pu\u00f2 fare un titolo sul giornale dicendo che si stanno espatriando stupratori, delinquenti, terroristi, perch\u00e9 quello che abbiamo visto noi \u00e8 esattamente il contrario. Come Partito Democratico chiediamo al ministro Piantedosi e al vicepresidente della Camera, Fabio Rampelli, se hanno questi elenchi, riferiscano immediatamente e pubblicamente in Parlamento. Non possiamo restare in silenzio di fronte a un&#8217;operazione inutile, dispendiosa e lesiva dei diritti delle persone\u00bb.<\/p>\n\n\n\n<p>Cos\u00ec il deputato dem Fabio Porta, che ha definito l&#8217;intera operazione \u00abuna gigantesca messinscena, messa in atto per mostrare agli italiani immagini ad effetto, persone in fascette e coprire un progetto fallimentare e costosissimo\u00bb.<\/p>\n","protected":false},"excerpt":{"rendered":"<p>\u00abNei giorni scorsi mi sono recato in missione in Albania per visitare i centri per migranti realizzati dal governo Meloni. Quella che ho trovato \u00e8 una situazione a dir poco sconcertante: a fronte di una previsione di tremila migranti al mese, in sei mesi sono arrivati appena 100 persone. Oggi quei centri ospitano soltanto migranti &hellip;<\/p>\n","protected":false},"author":1,"featured_media":500,"comment_status":"closed","ping_status":"closed","sticky":false,"template":"","format":"standard","meta":{"footnotes":""},"categories":[4,7],"tags":[],"class_list":["post-499","post","type-post","status-publish","format-standard","has-post-thumbnail","hentry","category-fabio-porta","category-pd"],"aioseo_notices":[],"_links":{"self":[{"href":"https:\/\/pdemocraticoneuquen.com\/index.php\/wp-json\/wp\/v2\/posts\/499","targetHints":{"allow":["GET"]}}],"collection":[{"href":"https:\/\/pdemocraticoneuquen.com\/index.php\/wp-json\/wp\/v2\/posts"}],"about":[{"href":"https:\/\/pdemocraticoneuquen.com\/index.php\/wp-json\/wp\/v2\/types\/post"}],"author":[{"embeddable":true,"href":"https:\/\/pdemocraticoneuquen.com\/index.php\/wp-json\/wp\/v2\/users\/1"}],"replies":[{"embeddable":true,"href":"https:\/\/pdemocraticoneuquen.com\/index.php\/wp-json\/wp\/v2\/comments?post=499"}],"version-history":[{"count":1,"href":"https:\/\/pdemocraticoneuquen.com\/index.php\/wp-json\/wp\/v2\/posts\/499\/revisions"}],"predecessor-version":[{"id":501,"href":"https:\/\/pdemocraticoneuquen.com\/index.php\/wp-json\/wp\/v2\/posts\/499\/revisions\/501"}],"wp:featuredmedia":[{"embeddable":true,"href":"https:\/\/pdemocraticoneuquen.com\/index.php\/wp-json\/wp\/v2\/media\/500"}],"wp:attachment":[{"href":"https:\/\/pdemocraticoneuquen.com\/index.php\/wp-json\/wp\/v2\/media?parent=499"}],"wp:term":[{"taxonomy":"category","embeddable":true,"href":"https:\/\/pdemocraticoneuquen.com\/index.php\/wp-json\/wp\/v2\/categories?post=499"},{"taxonomy":"post_tag","embeddable":true,"href":"https:\/\/pdemocraticoneuquen.com\/index.php\/wp-json\/wp\/v2\/tags?post=499"}],"curies":[{"name":"wp","href":"https:\/\/api.w.org\/{rel}","templated":true}]}}