{"id":496,"date":"2025-04-15T14:13:44","date_gmt":"2025-04-15T17:13:44","guid":{"rendered":"https:\/\/pdemocraticoneuquen.com\/?p=496"},"modified":"2025-04-15T14:13:45","modified_gmt":"2025-04-15T17:13:45","slug":"porta-pd-embajadores-latinoamericanos-expresan-preocupacion-y-dudas-sobre-el-decreto-de-ciudadania","status":"publish","type":"post","link":"https:\/\/pdemocraticoneuquen.com\/index.php\/2025\/04\/15\/porta-pd-embajadores-latinoamericanos-expresan-preocupacion-y-dudas-sobre-el-decreto-de-ciudadania\/","title":{"rendered":"PORTA (PD): EMBAJADORES LATINOAMERICANOS EXPRESAN PREOCUPACI\u00d3N Y DUDAS SOBRE EL DECRETO DE CIUDADAN\u00cdA"},"content":{"rendered":"\n<p>\u00abJunto con mi colega Franco Tirelli (MAIE-Noi Moderati), tambi\u00e9n elegido en la Divisi\u00f3n Am\u00e9rica del Sur de la Circunscripci\u00f3n Extranjera, me reun\u00ed con embajadores y representantes diplom\u00e1ticos de todos los pa\u00edses de Am\u00e9rica Latina\u00bb, declar\u00f3 el diputado del PD Fabio Porta.<\/p>\n\n\n\n<p>\u00abFue una reuni\u00f3n informal organizada en Montecitorio a petici\u00f3n de diplom\u00e1ticos, interesados en comprender mejor el contenido y los efectos del decreto de ciudadan\u00eda aprobado el pasado 27 de marzo por el gobierno de Meloni y su impacto en una comunidad de al menos 50 millones de descendientes de italianos que viven en el continente latinoamericano\u00bb.<\/p>\n\n\n\n<p>Hemos expresado nuestra oposici\u00f3n tanto al m\u00e9todo empleado por el gobierno, es decir, al uso de decretos de emergencia en este asunto, como a las razones esgrimidas por el Ministro de Asuntos Exteriores en la rueda de prensa posterior al Consejo de Ministros \u2014a\u00f1adi\u00f3 el Honorable Porta\u2014, repletas de referencias negativas y, en algunos casos, incorrectas, a las solicitudes de ciudadan\u00eda presentadas por nuestros conciudadanos en el extranjero.<\/p>\n\n\n\n<p>Tambi\u00e9n hemos expresado nuestras fuertes dudas sobre la validez de la medida, as\u00ed como nuestra preocupaci\u00f3n de que la conversi\u00f3n del decreto en ley cause da\u00f1o a nuestra imagen, graves inconvenientes y, sobre todo, una ruptura irreparable de nuestros v\u00ednculos hist\u00f3ricos con las comunidades hist\u00f3ricamente arraigadas en nuestros pa\u00edses de residencia.<\/p>\n\n\n\n<p>\u00abLos diplom\u00e1ticos \u2013concluye el parlamentario del Partido Democr\u00e1tico\u2013 han comprendido las consideraciones que subyacen a nuestro compromiso en la C\u00e1mara y el Senado de oponernos a una medida que ya ha tenido un fuerte impacto negativo no solo en la comunidad italiana, sino tambi\u00e9n en los propios pa\u00edses latinoamericanos\u00bb.<\/p>\n","protected":false},"excerpt":{"rendered":"<p>\u00abJunto con mi colega Franco Tirelli (MAIE-Noi Moderati), tambi\u00e9n elegido en la Divisi\u00f3n Am\u00e9rica del Sur de la Circunscripci\u00f3n Extranjera, me reun\u00ed con embajadores y representantes diplom\u00e1ticos de todos los pa\u00edses de Am\u00e9rica Latina\u00bb, declar\u00f3 el diputado del PD Fabio Porta. \u00abFue una reuni\u00f3n informal organizada en Montecitorio a petici\u00f3n de diplom\u00e1ticos, interesados en comprender &hellip;<\/p>\n","protected":false},"author":1,"featured_media":497,"comment_status":"closed","ping_status":"closed","sticky":false,"template":"","format":"standard","meta":{"footnotes":""},"categories":[1],"tags":[],"class_list":["post-496","post","type-post","status-publish","format-standard","has-post-thumbnail","hentry","category-sin-categoria"],"aioseo_notices":[],"_links":{"self":[{"href":"https:\/\/pdemocraticoneuquen.com\/index.php\/wp-json\/wp\/v2\/posts\/496","targetHints":{"allow":["GET"]}}],"collection":[{"href":"https:\/\/pdemocraticoneuquen.com\/index.php\/wp-json\/wp\/v2\/posts"}],"about":[{"href":"https:\/\/pdemocraticoneuquen.com\/index.php\/wp-json\/wp\/v2\/types\/post"}],"author":[{"embeddable":true,"href":"https:\/\/pdemocraticoneuquen.com\/index.php\/wp-json\/wp\/v2\/users\/1"}],"replies":[{"embeddable":true,"href":"https:\/\/pdemocraticoneuquen.com\/index.php\/wp-json\/wp\/v2\/comments?post=496"}],"version-history":[{"count":1,"href":"https:\/\/pdemocraticoneuquen.com\/index.php\/wp-json\/wp\/v2\/posts\/496\/revisions"}],"predecessor-version":[{"id":498,"href":"https:\/\/pdemocraticoneuquen.com\/index.php\/wp-json\/wp\/v2\/posts\/496\/revisions\/498"}],"wp:featuredmedia":[{"embeddable":true,"href":"https:\/\/pdemocraticoneuquen.com\/index.php\/wp-json\/wp\/v2\/media\/497"}],"wp:attachment":[{"href":"https:\/\/pdemocraticoneuquen.com\/index.php\/wp-json\/wp\/v2\/media?parent=496"}],"wp:term":[{"taxonomy":"category","embeddable":true,"href":"https:\/\/pdemocraticoneuquen.com\/index.php\/wp-json\/wp\/v2\/categories?post=496"},{"taxonomy":"post_tag","embeddable":true,"href":"https:\/\/pdemocraticoneuquen.com\/index.php\/wp-json\/wp\/v2\/tags?post=496"}],"curies":[{"name":"wp","href":"https:\/\/api.w.org\/{rel}","templated":true}]}}