{"id":493,"date":"2025-04-06T11:58:00","date_gmt":"2025-04-06T14:58:00","guid":{"rendered":"https:\/\/pdemocraticoneuquen.com\/?p=493"},"modified":"2025-04-06T11:58:01","modified_gmt":"2025-04-06T14:58:01","slug":"porta-pd-al-congresso-cim-a-tunisi-il-decreto-cittadinanza-e-un-atto-ostile-alle-nostre-collettivita-allestero","status":"publish","type":"post","link":"https:\/\/pdemocraticoneuquen.com\/index.php\/2025\/04\/06\/porta-pd-al-congresso-cim-a-tunisi-il-decreto-cittadinanza-e-un-atto-ostile-alle-nostre-collettivita-allestero\/","title":{"rendered":"PORTA (PD) AL CONGRESSO CIM A TUNISI: IL DECRETO CITTADINANZA \u00c8 UN ATTO OSTILE ALLE NOSTRE COLLETTIVIT\u00c0 ALL&#8217;ESTERO."},"content":{"rendered":"\n<p>IL PARLAMENTO RESTITUISCA AGLI ITALIANI NEL MONDO LA DIGNIT\u00c0 FERITA<\/p>\n\n\n\n<p>(Comunicato stampa &#8211; 5 aprile 2025) &#8211; Intervenendo a Tunisi, al quattordicesimo congresso mondiale della CIM (Confederazione italiani nel mondo) l&#8217;On. Fabio Porta ha raccolto l&#8217;appello proveniente da tutto il mondo a favore del ritiro del decreto del governo in maniera di cittadinanza, \u00abun vero e proprio atto ostile nei confronti delle nostre grandi collettivit\u00e0 diffuse in tutto il mondo, una ferita aggravata dalle parole del Ministro degli Esteri Tajani, che per giustificare il ricorso inopportuno e immotivato alla decretazione d&#8217;urgenza ha fatto ricorso ad affermazioni gravi e palesemente false rivolgendosi agli italiani nel mondo.\u00bb<\/p>\n\n\n\n<p>\u00abQuesto decreto \u2013 ha spiegato ai congressisti il deputato del PD \u2013 non nasce dal nulla, e per quanto sorprendente e inaspettato \u00e8 il frutto di una serie di provvedimenti che negli ultimi mesi hanno preso di mira in maniera diretta i diritti dei nostri connazionali all&#8217;estero: la sospensione dell&#8217;adeguamento delle pensioni, l&#8217;eliminazione dell&#8217;indennit\u00e0 di disoccupazione, l&#8217;aumento scriteriato delle tasse sulla cittadinanza; queste misure avevano gi\u00e0 caratterizzato l&#8217;ultima legge di bilancio come la pi\u00f9 ingiusta e punitiva nei confronti della comunit\u00e0 degli italiani nel mondo.\u00bb<\/p>\n\n\n\n<p>\u00abNegare la cittadinanza alle generazioni di italiani nate all&#8217;estero con un decreto legge che \u00e8 gi\u00e0 entrato in vigore senza nessuna discussione parlamentare e senza alcun coinvolgimento del nostro articolato sistema di rappresentanza \u2013 ha aggiunto il parlamentare eletto in Sudamerica \u2013 equivale a dare uno schiaffo alla storia della nostra emigrazione e risponde alla logica secondo la quale per questo governo il fenomeno migratorio va affrontato come un tema di ordine e sicurezza e non di crescita e sviluppo.\u00bb<\/p>\n\n\n\n<p>\u00abUn governo falso e masochista \u2013 ha concluso l&#8217;On. Porta \u2013 bugiardo poich\u00e9 Giorgia Meloni aveva fatto campagna elettorale promettendo una difesa quasi aprioristica dello &#8216;ius sanguinis&#8217;, e masochista perch\u00e9 cos\u00ec facendo fa male all&#8217;Italia che al contrario avrebbe bisogno di politiche attive tanto sul versante dell&#8217;immigrazione e dell&#8217;inclusione che della valorizzazione e dell&#8217;attrazione degli italo-discendenti per contrastare lo spopolamento.\u00bb<\/p>\n\n\n\n<p>\u00abIl Partito Democratico, coerente con la sua storia e fedele agli impegni presi con i suoi elettori, far\u00e0 tutto il possibile dentro e fuori il Parlamento per costringere il governo a rivedere questa infausta decisione o quanto meno a ridurne i suoi effetti dannosi dentro e fuori il nostro Paese.\u00bb<\/p>\n","protected":false},"excerpt":{"rendered":"<p>IL PARLAMENTO RESTITUISCA AGLI ITALIANI NEL MONDO LA DIGNIT\u00c0 FERITA (Comunicato stampa &#8211; 5 aprile 2025) &#8211; Intervenendo a Tunisi, al quattordicesimo congresso mondiale della CIM (Confederazione italiani nel mondo) l&#8217;On. Fabio Porta ha raccolto l&#8217;appello proveniente da tutto il mondo a favore del ritiro del decreto del governo in maniera di cittadinanza, \u00abun vero &hellip;<\/p>\n","protected":false},"author":1,"featured_media":494,"comment_status":"closed","ping_status":"closed","sticky":false,"template":"","format":"standard","meta":{"footnotes":""},"categories":[4,7],"tags":[],"class_list":["post-493","post","type-post","status-publish","format-standard","has-post-thumbnail","hentry","category-fabio-porta","category-pd"],"aioseo_notices":[],"_links":{"self":[{"href":"https:\/\/pdemocraticoneuquen.com\/index.php\/wp-json\/wp\/v2\/posts\/493","targetHints":{"allow":["GET"]}}],"collection":[{"href":"https:\/\/pdemocraticoneuquen.com\/index.php\/wp-json\/wp\/v2\/posts"}],"about":[{"href":"https:\/\/pdemocraticoneuquen.com\/index.php\/wp-json\/wp\/v2\/types\/post"}],"author":[{"embeddable":true,"href":"https:\/\/pdemocraticoneuquen.com\/index.php\/wp-json\/wp\/v2\/users\/1"}],"replies":[{"embeddable":true,"href":"https:\/\/pdemocraticoneuquen.com\/index.php\/wp-json\/wp\/v2\/comments?post=493"}],"version-history":[{"count":1,"href":"https:\/\/pdemocraticoneuquen.com\/index.php\/wp-json\/wp\/v2\/posts\/493\/revisions"}],"predecessor-version":[{"id":495,"href":"https:\/\/pdemocraticoneuquen.com\/index.php\/wp-json\/wp\/v2\/posts\/493\/revisions\/495"}],"wp:featuredmedia":[{"embeddable":true,"href":"https:\/\/pdemocraticoneuquen.com\/index.php\/wp-json\/wp\/v2\/media\/494"}],"wp:attachment":[{"href":"https:\/\/pdemocraticoneuquen.com\/index.php\/wp-json\/wp\/v2\/media?parent=493"}],"wp:term":[{"taxonomy":"category","embeddable":true,"href":"https:\/\/pdemocraticoneuquen.com\/index.php\/wp-json\/wp\/v2\/categories?post=493"},{"taxonomy":"post_tag","embeddable":true,"href":"https:\/\/pdemocraticoneuquen.com\/index.php\/wp-json\/wp\/v2\/tags?post=493"}],"curies":[{"name":"wp","href":"https:\/\/api.w.org\/{rel}","templated":true}]}}