{"id":488,"date":"2025-03-31T19:55:00","date_gmt":"2025-03-31T22:55:00","guid":{"rendered":"https:\/\/pdemocraticoneuquen.com\/?p=488"},"modified":"2025-03-31T19:55:02","modified_gmt":"2025-03-31T22:55:02","slug":"luciano-vecchi-racconta-lorganizzazione-le-iniziative-e-le-battaglie-del-partito-democratico-per-la-rappresentanza-e-i-diritti-degli-italiani-nel-mondo","status":"publish","type":"post","link":"https:\/\/pdemocraticoneuquen.com\/index.php\/2025\/03\/31\/luciano-vecchi-racconta-lorganizzazione-le-iniziative-e-le-battaglie-del-partito-democratico-per-la-rappresentanza-e-i-diritti-degli-italiani-nel-mondo\/","title":{"rendered":"Luciano Vecchi racconta l&#8217;organizzazione, le iniziative e le battaglie del Partito Democratico per la rappresentanza e i diritti degli italiani nel mondo"},"content":{"rendered":"\n<p>Luciano Vecchi, oltre che un amico \u00e8 un politico italiano di lunga esperienza, con radici nella Federazione Giovanile Comunista Italiana; ha attraversato le trasformazioni della sinistra italiana, essendo stato esponente del PCI, PDS, DS e attualmente del PD. Vanta un&#8217;esperienza significativa come parlamentare europeo. Attualmente, \u00e8 il responsabile degli italiani nel mondo per il Partito Democratico. Inoltre \u00e8 segretario della VI Commissione Tematica del Consiglio Generale degli Italiani all&#8217;Estero.<\/p>\n\n\n\n<figure class=\"wp-block-gallery has-nested-images columns-default is-cropped wp-block-gallery-1 is-layout-flex wp-block-gallery-is-layout-flex\">\n<figure class=\"wp-block-image size-full is-style-rounded\"><img loading=\"lazy\" decoding=\"async\" width=\"696\" height=\"522\" data-id=\"491\" src=\"https:\/\/pdemocraticoneuquen.com\/wp-content\/uploads\/2025\/03\/iuo.png\" alt=\"\" class=\"wp-image-491\" srcset=\"https:\/\/pdemocraticoneuquen.com\/wp-content\/uploads\/2025\/03\/iuo.png 696w, https:\/\/pdemocraticoneuquen.com\/wp-content\/uploads\/2025\/03\/iuo-300x225.png 300w\" sizes=\"auto, (max-width: 696px) 100vw, 696px\" \/><\/figure>\n\n\n\n<figure class=\"wp-block-image size-full is-style-rounded\"><img loading=\"lazy\" decoding=\"async\" width=\"1000\" height=\"750\" data-id=\"490\" src=\"https:\/\/pdemocraticoneuquen.com\/wp-content\/uploads\/2025\/03\/uo.png\" alt=\"\" class=\"wp-image-490\" srcset=\"https:\/\/pdemocraticoneuquen.com\/wp-content\/uploads\/2025\/03\/uo.png 1000w, https:\/\/pdemocraticoneuquen.com\/wp-content\/uploads\/2025\/03\/uo-300x225.png 300w, https:\/\/pdemocraticoneuquen.com\/wp-content\/uploads\/2025\/03\/uo-768x576.png 768w\" sizes=\"auto, (max-width: 1000px) 100vw, 1000px\" \/><\/figure>\n\n\n\n<figure class=\"wp-block-image size-full is-style-rounded\"><img loading=\"lazy\" decoding=\"async\" width=\"750\" height=\"1000\" data-id=\"489\" src=\"https:\/\/pdemocraticoneuquen.com\/wp-content\/uploads\/2025\/03\/uoio.png\" alt=\"\" class=\"wp-image-489\" srcset=\"https:\/\/pdemocraticoneuquen.com\/wp-content\/uploads\/2025\/03\/uoio.png 750w, https:\/\/pdemocraticoneuquen.com\/wp-content\/uploads\/2025\/03\/uoio-225x300.png 225w\" sizes=\"auto, (max-width: 750px) 100vw, 750px\" \/><\/figure>\n<\/figure>\n\n\n\n<p><strong><em>Come \u00e8 strutturata l&#8217;organizzazione del PD tra gli italiani all&#8217;estero?<\/em><\/strong><\/p>\n\n\n\n<p>\u00abIl PD, all&#8217;estero, ha 4 coordinamenti continentali, 12 federazioni e oltre 100 circoli, con poco meno di 5.000 iscritti. Il PD \u00e8 l&#8217;unico partito italiano che riconosce piena \u00abcittadinanza politica\u00bb agli italiani nel Mondo. Oltre 80 componenti dell&#8217;Assemblea nazionale e della Direzione del Partito sono residenti all&#8217;estero. E d&#8217;altronde ben 7 dei 12 parlamentari eletti all&#8217;estero sono del Partito Democratico\u00bb.<\/p>\n\n\n\n<p><strong><em>In quali Paesi si registra la maggiore presenza di iscritti e sostenitori del PD?<\/em><\/strong><\/p>\n\n\n\n<p>\u00abLe nostre strutture pi\u00f9 consistenti sono, ovviamente, nei Paesi di tradizionale emigrazione italiana (Svizzera, Belgio, Germania, Argentina e Brasile). Ma il PD si sta radicando anche in altre aree (Spagna. Portogallo, Regno Unito, Nordamerica, Australia, ecc.) dove pi\u00f9 forte \u00e8 il flusso di nuova mobilit\u00e0, soprattutto giovanile\u00bb.<\/p>\n\n\n\n<p><strong><em>Quali sono le principali attivit\u00e0 e iniziative promosse dal PD per coinvolgere gli italiani all&#8217;estero?<\/em><\/strong><\/p>\n\n\n\n<p>\u00abOltre alle attivit\u00e0 pi\u00f9 strettamente di partito, svolgiamo una intensa opera di informazione e di coinvolgimento delle comunit\u00e0 italiane sia promuovendo i rapporti con l&#8217;Italia che sostenendo la piena integrazione nei Paesi di residenza. Da questo punto di vista \u00e8 di grande rilevanza in ruolo dei Comites (Comitati degli italiani all&#8217;estero: sono pi\u00f9 di cento), nei quali abbiamo costruito, nella maggior parte dei casi, ampie maggioranze progressiste\u00bb.<\/p>\n\n\n\n<p><strong><em>Quali sono stati i risultati elettorali del PD nella circoscrizione estero nelle ultime elezioni politiche? E quanti parlamentari del PD sono stati eletti nella circoscrizione estero?<\/em><\/strong><\/p>\n\n\n\n<p>\u00abIl PD, alle elezioni politiche del 2022 e alle Europee 2024, si \u00e8 confermato essere di gran lunga il primo partito nel mondo della emigrazione italiana, in un quadro nel quale, l&#8217;insieme delle forze di centrosinistra sfiora i due terzi dei consensi. Nel concreto abbiamo ottenuto, alla Camera, il 28,2%, al Senato il 34,0 % e nel voto all&#8217;estero per le Europee 2024, il 30,3%. Eleggendo cosi, come detto, 4 deputati (su 8) e 3 senatori (su 4)\u00bb.<\/p>\n\n\n\n<p><strong><em>Come il PD mantiene i contatti con le diverse comunit\u00e0 italiane all&#8217;estero?<\/em><\/strong><\/p>\n\n\n\n<p>\u00abLe organizzazioni e i militanti del PD sono parte integrante delle Comunit\u00e0 italiane. \u00c8 forte il tessuto associativo, soprattutto nei Paesi di pi\u00f9 lunga storia migratoria, basato sia sulle appartenenze regionali che su opzioni culturali o mutualistiche. Tessuto che va salvaguardato e sviluppato\u00bb.<\/p>\n\n\n\n<p><strong><em>Quali sono le principali sfide che affrontano gli italiani all&#8217;estero? Quali le principali tematiche e preoccupazioni espresse dagli italiani all&#8217;estero nei confronti dell&#8217;Italia? Quali sono i rapporti del PD con l&#8217;attuale governo in merito alle politiche per gli italiani all&#8217;estero?<\/em><\/strong><\/p>\n\n\n\n<p>\u00abIl numero di italiani che vivono, lavorano e studiano fuori dai confini nazionali continua a crescere. In quindici anni siamo passati da 3,5 a quasi 7 milioni, stando alle cifre ufficiali che sono sottostimate\u00bb.<\/p>\n\n\n\n<p>\u00abLe naturalizzazioni di italo discendenti \u2013 continua Vecchi \u2013 sono solo una piccola parte dell&#8217;incremento. Il grosso \u00e8 rappresentato da in flusso di oltre 100.000 giovani che, ogni anno, vanno a cercare migliori condizioni di vita e di lavoro oltre confine.&nbsp; E, in buona parte, sono giovani con un buon livello di istruzione e, in maggioranza, partono dalle regioni del nord Italia. Per il governo Meloni sono una seccatura a cui negare sostegno e diritti (D&#8217;altronde, anche se italiani, sono comunque migranti, quindi, per le destre&#8230; brutta gente). Per noi, oltre ad essere cittadini con diritti e doveri, sono anche una risorsa indispensabile per il futuro dell&#8217;Italia. Come si capisce tra noi e la destra l&#8217;approccio \u00e8 esattamente il contrario\u00bb.<\/p>\n\n\n\n<p>\u00abIn due anni e mezzo di Governo Meloni \u2013 conclude \u2013 non vi \u00e8 stato alcun provvedimento a favore degli italiani all&#8217;estero ma solo tagli. Tagli ai servizi consolari, tagli ai fondi per l&#8217;informazione e la rappresentanza, tagli per i corsi di lingua e cultura italiana, tagli alle agevolazioni fiscali per il rientro in Italia, eliminazione del sostegno a chi rientra in Italia a causa di licenziamento. Le uniche due \u00abvoci\u00bb con segno positivo vengono da iniziative dei Parlamentari del PD: sostegno ai servizi consolari grazie alla razionalizzazione del rilascio dei passaporti e (parziale) reintegro dei fondi per i Comites (utilizzando parte del margine di manovra sul Bilancio riconosciuto ai gruppi di opposizione)\u00bb.<\/p>\n\n\n\n<p><strong><em>Come il PD intende garantire una maggiore rappresentanza degli italiani all&#8217;estero nelle istituzioni italiane?<\/em><\/strong><\/p>\n\n\n\n<p>\u00abNonostante la crescita numerica il numero di parlamentari eletti all&#8217;estero \u00e8 prefissato dalle norme. Il 12% degli italiani (tanti sono i concittadini fuori confine) eleggono solo il 2% dei parlamentari. Il governo Meloni sta cercando di annichilire gli organi di rappresentanza (Comites e CGIE: Consiglio Generale degli Italiani all&#8217;Estero) sia tagliando i finanziamenti sia ignorando il ruolo consultivo che la Legge gli riconosce. Non tutte le Regioni hanno Consulte o organi di rapporto con chi risiede all&#8217;estero. Noi pensiamo che occorrano meccanismi efficaci di partecipazione perch\u00e9 essi sono, o dovrebbero essere, un ottimo investimento per i sistemi economici, culturali e sociali sia del Paese che delle singole realt\u00e0 regionali e locali\u00bb.<\/p>\n\n\n\n<p><strong><em>Sono previste iniziative per sostenere le nuove generazioni di italiani all&#8217;estero? Come il PD intende coinvolgere i giovani italiani all&#8217;estero nella vita politica e sociale del Paese?<\/em><\/strong><\/p>\n\n\n\n<p>\u00abSono due gli aspetti importanti. Il primo \u00e8 quello di sviluppare un rapporto costante con l&#8217;Italia. Dalla conoscenza della lingua, ai rapporti con le realt\u00e0 socioeconomiche e territoriali. Il secondo \u00e8 quello di agevolare, se desiderato, il rientro in Italia. Purtroppo il governo Meloni ha quasi del tutto eliminato gli strumenti di agevolazione al reinserimento in Italia. Altro che \u00abPrima gli italiani\u00bb. Nella destra prevale lo slogan&nbsp;<em>F\u00f6ra dai ball&#8230;<\/em>\u00ab<\/p>\n","protected":false},"excerpt":{"rendered":"<p>Luciano Vecchi, oltre che un amico \u00e8 un politico italiano di lunga esperienza, con radici nella Federazione Giovanile Comunista Italiana; ha attraversato le trasformazioni della sinistra italiana, essendo stato esponente del PCI, PDS, DS e attualmente del PD. Vanta un&#8217;esperienza significativa come parlamentare europeo. Attualmente, \u00e8 il responsabile degli italiani nel mondo per il Partito &hellip;<\/p>\n","protected":false},"author":1,"featured_media":490,"comment_status":"closed","ping_status":"closed","sticky":false,"template":"","format":"standard","meta":{"footnotes":""},"categories":[7],"tags":[],"class_list":["post-488","post","type-post","status-publish","format-standard","has-post-thumbnail","hentry","category-pd"],"aioseo_notices":[],"_links":{"self":[{"href":"https:\/\/pdemocraticoneuquen.com\/index.php\/wp-json\/wp\/v2\/posts\/488","targetHints":{"allow":["GET"]}}],"collection":[{"href":"https:\/\/pdemocraticoneuquen.com\/index.php\/wp-json\/wp\/v2\/posts"}],"about":[{"href":"https:\/\/pdemocraticoneuquen.com\/index.php\/wp-json\/wp\/v2\/types\/post"}],"author":[{"embeddable":true,"href":"https:\/\/pdemocraticoneuquen.com\/index.php\/wp-json\/wp\/v2\/users\/1"}],"replies":[{"embeddable":true,"href":"https:\/\/pdemocraticoneuquen.com\/index.php\/wp-json\/wp\/v2\/comments?post=488"}],"version-history":[{"count":1,"href":"https:\/\/pdemocraticoneuquen.com\/index.php\/wp-json\/wp\/v2\/posts\/488\/revisions"}],"predecessor-version":[{"id":492,"href":"https:\/\/pdemocraticoneuquen.com\/index.php\/wp-json\/wp\/v2\/posts\/488\/revisions\/492"}],"wp:featuredmedia":[{"embeddable":true,"href":"https:\/\/pdemocraticoneuquen.com\/index.php\/wp-json\/wp\/v2\/media\/490"}],"wp:attachment":[{"href":"https:\/\/pdemocraticoneuquen.com\/index.php\/wp-json\/wp\/v2\/media?parent=488"}],"wp:term":[{"taxonomy":"category","embeddable":true,"href":"https:\/\/pdemocraticoneuquen.com\/index.php\/wp-json\/wp\/v2\/categories?post=488"},{"taxonomy":"post_tag","embeddable":true,"href":"https:\/\/pdemocraticoneuquen.com\/index.php\/wp-json\/wp\/v2\/tags?post=488"}],"curies":[{"name":"wp","href":"https:\/\/api.w.org\/{rel}","templated":true}]}}