{"id":477,"date":"2025-03-18T16:12:08","date_gmt":"2025-03-18T19:12:08","guid":{"rendered":"https:\/\/pdemocraticoneuquen.com\/?p=477"},"modified":"2025-03-18T16:12:59","modified_gmt":"2025-03-18T19:12:59","slug":"porta-pd-in-brasile-per-una-intensa-agenda-politica-e-istituzionale-eventi-segnati-da-una-grande-partecipazione-a-san-paolo-jundiai-campinas-e-caxias-do-sul","status":"publish","type":"post","link":"https:\/\/pdemocraticoneuquen.com\/index.php\/2025\/03\/18\/porta-pd-in-brasile-per-una-intensa-agenda-politica-e-istituzionale-eventi-segnati-da-una-grande-partecipazione-a-san-paolo-jundiai-campinas-e-caxias-do-sul\/","title":{"rendered":"PORTA (PD) IN BRASILE PER UNA INTENSA AGENDA POLITICA E ISTITUZIONALE. EVENTI SEGNATI DA UNA GRANDE PARTECIPAZIONE A SAN PAOLO, JUNDIAI, CAMPINAS E CAXIAS DO SUL"},"content":{"rendered":"\n<p>Fabio Porta, parlamentare del Partito Democratico eletto in America Meridionale, \u00e8 tornato nei giorni scorsi in Brasile per partecipare ad una serie di eventi negli Stati di San Paolo e del Rio Grande del Sud.<\/p>\n\n\n\n<p>Con il nuovo Segretario del PD Brasile Salvatore Milanese e la coordinatrice per il Sudamerica Marisa Barbato, il deputato ha inaugurato a San Paolo il nuovo ciclo di incontri di formazione politica; una conferenza sul tema del multilateralismo dell&#8217;ex Ministro e ambasciatore brasiliano Rubens Ricupero, moderata dal responsabile per la formazione del partito in Brasile Fabio Gentile ha visto la partecipazione di un folto e autorevole pubblico formato dai dirigenti del circolo PD di San Paolo e da importanti esponenti della collettivit\u00e0 italiana.<\/p>\n\n\n\n<p>A Jundia\u00ec, l&#8217;On. Porta e i dirigenti del PD hanno incontrato il Sindaco Gustavo Martinelli, l&#8217;assessore allo sviluppo economico Humberto Cereser e i coordinatori delle scuole di enologia della citt\u00e0 brasiliana e di Conegliano Veneto impegnato nella realizzazione di un importante progetto di cooperazione; presenti anche il Sindaco della vicina citt\u00e0 di Jarinu, Debora Prado, anche lei impegnata nel rilanciare una serie di importanti iniziative di gemellaggio e collaborazione con enti locali italiani.<\/p>\n\n\n\n<p>A Campinas, grazie all&#8217;organizzazione del locale Circolo del PD, sono stati due i momenti di incontro del parlamentare con i simpatizzanti del partito e la pi\u00f9 ampia collettivit\u00e0 italiana: presso la Camera Municipale si \u00e8 svolto un primo momento di confronto con gli esponenti della grande comunit\u00e0 italiana della regione e quindi un incontro nell&#8217;aula del consiglio comunale introdotto dal saluto del Presidente Luiz Rossini.<\/p>\n\n\n\n<p>Cerimonia solenne ed emozionante a Caxias do Sul, capoluogo della \u00abSerra Gaucha\u00bb culla dell&#8217;emigrazione italiana nel Rio Grande del Sud che celebra quest&#8217;anno i suoi 150 anni. Per l&#8217;occasione la locale Universit\u00e0 UCS ha organizzato una conferenza del Prof. Joao Candido Portinari, figlio del grande artista italo-brasiliano; davanti ad una platea numerosissima e alla presenza del Rettore Gelson Rech e del Console Generale d&#8217;Italia Valerio Caruso l&#8217;evento ha reso omaggio anche ai 60 anni della Scuola d&#8217;Arte e alla storica amicizia con l&#8217;Italia.<\/p>\n\n\n\n<p>Nelle prossime settimane una delegazione della citt\u00e0 guidata dal console onorario Gelson Castellan sar\u00e0 a Roma per divulgare anche in Italia le numerose e ricche iniziative messe in campo per l&#8217;occasione.<\/p>\n","protected":false},"excerpt":{"rendered":"<p>Fabio Porta, parlamentare del Partito Democratico eletto in America Meridionale, \u00e8 tornato nei giorni scorsi in Brasile per partecipare ad una serie di eventi negli Stati di San Paolo e del Rio Grande del Sud. Con il nuovo Segretario del PD Brasile Salvatore Milanese e la coordinatrice per il Sudamerica Marisa Barbato, il deputato ha &hellip;<\/p>\n","protected":false},"author":1,"featured_media":478,"comment_status":"closed","ping_status":"closed","sticky":false,"template":"","format":"standard","meta":{"footnotes":""},"categories":[4,7],"tags":[],"class_list":["post-477","post","type-post","status-publish","format-standard","has-post-thumbnail","hentry","category-fabio-porta","category-pd"],"aioseo_notices":[],"_links":{"self":[{"href":"https:\/\/pdemocraticoneuquen.com\/index.php\/wp-json\/wp\/v2\/posts\/477","targetHints":{"allow":["GET"]}}],"collection":[{"href":"https:\/\/pdemocraticoneuquen.com\/index.php\/wp-json\/wp\/v2\/posts"}],"about":[{"href":"https:\/\/pdemocraticoneuquen.com\/index.php\/wp-json\/wp\/v2\/types\/post"}],"author":[{"embeddable":true,"href":"https:\/\/pdemocraticoneuquen.com\/index.php\/wp-json\/wp\/v2\/users\/1"}],"replies":[{"embeddable":true,"href":"https:\/\/pdemocraticoneuquen.com\/index.php\/wp-json\/wp\/v2\/comments?post=477"}],"version-history":[{"count":1,"href":"https:\/\/pdemocraticoneuquen.com\/index.php\/wp-json\/wp\/v2\/posts\/477\/revisions"}],"predecessor-version":[{"id":479,"href":"https:\/\/pdemocraticoneuquen.com\/index.php\/wp-json\/wp\/v2\/posts\/477\/revisions\/479"}],"wp:featuredmedia":[{"embeddable":true,"href":"https:\/\/pdemocraticoneuquen.com\/index.php\/wp-json\/wp\/v2\/media\/478"}],"wp:attachment":[{"href":"https:\/\/pdemocraticoneuquen.com\/index.php\/wp-json\/wp\/v2\/media?parent=477"}],"wp:term":[{"taxonomy":"category","embeddable":true,"href":"https:\/\/pdemocraticoneuquen.com\/index.php\/wp-json\/wp\/v2\/categories?post=477"},{"taxonomy":"post_tag","embeddable":true,"href":"https:\/\/pdemocraticoneuquen.com\/index.php\/wp-json\/wp\/v2\/tags?post=477"}],"curies":[{"name":"wp","href":"https:\/\/api.w.org\/{rel}","templated":true}]}}