{"id":474,"date":"2025-03-04T08:41:02","date_gmt":"2025-03-04T11:41:02","guid":{"rendered":"https:\/\/pdemocraticoneuquen.com\/?p=474"},"modified":"2025-03-04T08:41:03","modified_gmt":"2025-03-04T11:41:03","slug":"fabio-porta-e-marisa-barbato-difendiamo-la-democrazia","status":"publish","type":"post","link":"https:\/\/pdemocraticoneuquen.com\/index.php\/2025\/03\/04\/fabio-porta-e-marisa-barbato-difendiamo-la-democrazia\/","title":{"rendered":"Fabio Porta e Marisa Barbato: \u00abDifendiamo la democrazia&#8230;\u00bb"},"content":{"rendered":"\n<p>Della&nbsp;Delegazione del PD arrivata in Uruguay per il possesso del nuovo Presidente della Repubblica&nbsp;Orsi, hanno fatto parte &nbsp;anche due politici che negli anni si sono specializzati nell&#8217;America Latina: parliamo di Fabio Porta, Deputato eletto per la nostra Circoscrizione e Marisa Barbato, Responsabile del PD per il Sudamerica. Anche loro hanno elogiato, non soltanto l&#8217;Assunzione di un governo progressista in Uruguay, ma per l`esempio di Democrazia di questo piccolo Paese latinoamericano, dove i Diritti Umani, la tolleranza, il sistema politico e tutto ci\u00f2 che riguarda la parte istituzionale e costituzionale, sono parte del DNA del Paese stesso. L&#8217;Uruguay \u00e8 stato il secondo paese, a livello storico, dove sono riconosciuti diritti come: il voto della donna, il divorzio e l&#8217;orario lavorativo di 8 ore.<\/p>\n\n\n\n<p><strong><em>On. Porta, come vede l&#8217;attuale situazione politica in America Latina, in un momento storico per l&#8217;umanit\u00e0, con tanti veri pericoli di duri scontrI<\/em><\/strong><\/p>\n\n\n\n<p><strong><em>Fabio Porta.&nbsp;<\/em><\/strong><em>\u00abLa nostra presenza guidata da Beppe Provenzano in Uruguay, non \u00e8 altro che la dimostrazione dell&#8217;amicizia con l&#8217;Uruguay, con il Frente Amplio e con il Presidente Orsi che avevamo incontrato 2 anni fa, insieme al Presidente Mujica. Il messaggio per\u00f2 va aldil\u00e0 di questo Paese,soprattutto mirando al Brasile e l&#8217;Argentina, grandi paesi che confinano con l&#8217;Uruguay, due paesi dove l&#8217;alternanza \u00e8 traumatica come hanno dimostrato le vittorie, prima di Bolsonaro o Milei in Argentina, attraverso politiche dure e radicali che stanno ancora in atto. Tutto questo, in un contesto internazionale, dove, a seguito della guerra in Ucraina, della crisi del Medio Oriente e soprattutto del ritorno di Trump alla Casa Bianca, il mondo sta diventando sempre aggressivo, egoista e anche pericoloso, con il rischio che questa spartizione proposta da Trump, bene accolta da Putin, possa rappresentare, non un rafforzamento di una globalizzazione un un multilateralismo virtuoso e positivo, ma tutto il contrario, con regimi autoritari come quello di Putin.&nbsp;<\/em><\/p>\n\n\n\n<p><em>L\u00b4Uruguay rappresenta una speranza, la speranza di un paese democratico dove l&#8217;alternanza tra destra e sinistra \u00e8 normale. Il mondo va per\u00f2, verso un&#8217;alternanza tra autoritarismo e Democrazia, in un nuovo bipolarismo, dove non \u00e8 in gioco la destra o la sinistra, ma chi difende la Democrazia o una specie di Democratura, o una democrazia camuffata. L&#8217;Uruguay dimostra che ancora si pu\u00f2 difendere la Democrazia e noi siamo con l&#8217;Uruguay e tutti i paesi che difendono i Diritti civili.<\/em><\/p>\n\n\n\n<p><strong><em>Come sa, anche in America Latina, ci sono paesi come Cuba, Venezuela o Nicaragua che, comunque non fanno parte del mondo democratico. L\u00b4Uruguay, negli ultimi 5 anni \u00e8 stato un forte difensore della gente che vive in questi paesi, soprattutto il Venezuela. Ci sono difficolt\u00e0 nella sinistra mondiale su questi punti?<\/em><\/strong><\/p>\n\n\n\n<p><strong><em>Fabio Porta.&nbsp;<\/em><\/strong>\u00a8\u00b4<em>C\u00b4\u00e8 un dibattito all&#8217;interno delle sinistre sul fatto che, io, personalmente considero che sono dittature, ma, secondo altri ancora definiscono questi regimi, punti di riferimento&#8230;. per fortuna sono pochi. Considero che i sistemi, attualmente al potere, in Venezuela, Cuba o Nicaragua non hanno nulla a che vedere con la sinistra, perch\u00e8, quando la sinistra nega i diritti umani, quando mette in carcere gli oppositori, li tortura o li fa sparire, come \u00e8 successo anche con un cooperante italiano che sta da pi\u00f9 di 3 mesi nelle carceri di Maduro, non mi sento di definire quel regime di sinistra o di destra. In Venezuela c&#8217;\u00e9 una dittatura, perch\u00e9 si limita la libert\u00e0, quindi, inviterei tutti, anche a sinistra, a saper distinguere tra uno Stato di diritto che pu\u00f3 essere governato da un conservatore o un progressista. Gli stati dove i diritti non sono garantiti, quelli non hanno ideologia, son soltanto degli stati da attaccare politicamente.<\/em><\/p>\n\n\n\n<p><strong><em>L\u00b4Uruguay \u00e8 sempre stato un paese moderato e democratico e proprio la Democrazia \u00e8 sempre stata la salute. 5 anni fa abbiamo visto un Presidente che ha consegnato il potere al suo successore con un abbraccio e oggi \u00e8 successo lo stesso&#8230;.<\/em><\/strong><\/p>\n\n\n\n<p><strong><em>Fabio Porta_&nbsp;<\/em><\/strong><em>\u00abSecondo me, sicuramente. Ho insistito molto, con la Segretaria del PD Shlain e con Provenzano,per la loro presenza qui in Uruguay, proprio per questo motivo. Ho spiegato loro che, in Uruguay, non c&#8217;\u00e8 stata una transizione democratica, ma anche un&#8217;opportunit\u00e0 per la regione e per il mondo, di essere un paese faro che potrebbe anche accogliere riflessioni, incontri e conferenze, in un mondo che va da tutt&#8217;altra parte. L&#8217;alternanza dovrebbe essere una normalit\u00e0, invece \u00e8 diventato un fatto elogiabile ma di studio per la stessa Democrazia&#8230;.un paradosso. Noi abbiamo colto l&#8217;occasione per chiedere a colleghi progressisti, della Spagna del Portogallo e dei vari paesi sudamericani, di pensare a momenti di incontro e lo faremo anche in Italia. Anche perch\u00e9 abbiamo un&#8217;altra fortuna che \u00e9 costituita da un Ministro degli Esteri, come Mario Lubetkin, un uruguaiano e anche italiano, con grande esperienza internazionale, che ha vissuto decenni in Italia e conosce bene la politica italiana e internazionale. Ci aiuter\u00e0, lo aiuteremo, a partire dall&#8217;accordo UE MERCOSUR, che diventa oggi un nodo della politica mondiale. L&#8217;Uruguay e l&#8217;Italia potranno avere in questo accordo, una forza fondamentale per portare a buon termine questo accordo \u00ab<\/em><\/p>\n\n\n\n<p><em>Alla professoressa Marisa Barbato, titolare della cattedra di diritto del lavoro nelle universit\u00e1 brasiliane abbiamo poi chiesto:&nbsp;<strong>Dopo varie riunioni anche con il Presidente eletto, che bilancio pu\u00f2 fare in questo momento storico?<\/strong><\/em><\/p>\n\n\n\n<p><strong><em>Marisa Barbato &#8211; \u00ab<\/em><\/strong><em>Noi, in America Latina, stiamo vivendo una situazione di cambiamenti, ovviamente come accade a livello mondiale,Quello che abbiamo vissuto in Uruguay, \u00e8 una bella festa democratica, un esempio dove, essendo un modello da essere seguito,Purtroppo sappiamo che non \u00e8 cosi, perch\u00e8, in America Latina, prevalgono al punto di creare disequilibri importanti. Vivo in Brasile, dove, addirittura, l&#8217;ex Presidente Bolsonaro, non ha consegnato a Lula la fascia presidenziale&#8230;Queste polarizzazioni incidono anche nella popolazione, perch\u00e8, l&#8217;impatto si estende, creando delle divergenze che fomentano l&#8217;odio nel popolo. Stare qui oggi \u00e8 un sollievo perch\u00e9 un abbraccio presidenziale e persino un bacio, simboli della sportivit\u00e0 politica che dovrebbe esistere ovunque, il Fair Play che \u00e8 diventato una rarit\u00e0. Noi come PD in America Latina abbiamo prospettive, come la crescita della Democrazia, avanzare con le nostre idee, i nostri sogni, anche perch\u00e9, come aveva detto Galeano, bisogna credere nell&#8217;utopia. Fai il passo, l&#8217;utopia fugge tanto quanto il passo, per\u00f2&nbsp;&nbsp;serve a camminare. Se vogliamo crescere, dobbiamo guardare lontano. Il PD vuole diventare di nuovo il primo partito anche in America Latina e in questo senso, In America Latina abbiamo una grande comunit\u00e0 italiana e questo \u00e8 il momento che, appunto questa collettivit\u00e0, possa aggregarsi in maniera serena, perch\u00e8, una cosa \u00e8 avere un governo ostile, un&#8217;altra \u00e8 mantenersi in uno spazio democratico, dove viene semplificato il progresso umano, senza fare ulteriori battaglie. Qui c`\u00e8 la Democrazia e quindi abbiamo terreno fertile per progredire tranquillamente. In Uruguay ho visto molti giovani e molte donne con capacit\u00e0 per una bella promessa per il nostro futuro. Possiamo continuare a sognare, a sperare, diceva Paulo Freire, non di sperare nel senso di esperar, aspettare, ma nel senso di continuare ad avere speranza.<\/em><\/p>\n\n\n\n<p><strong><em>&nbsp;Come vede il PD questa situazione dura in Argentina?<\/em><\/strong><\/p>\n\n\n\n<p><strong><em>Marisa Barbato &#8211; \u00ab<\/em><\/strong><em>\u00c9chiaro che noi crediamo che l&#8217;accordo UE-MERCOSUR, \u00e8 una necessit\u00e0 impellente, creando rapporti solidi e rispettosi, ci sono state anche approfondimenti sulle clausole sociali ecc,, anche Lula \u00e8 stato a favore di questo accordo, La posizione argentina non ci sorprende, perch\u00e8 Milei ha una politica che va controcorrente a quelli che sono obiettivi di integrazione, ma speriamo che si ravveda, anche perch\u00e8, in questo momento di divisioni e pericolose minacce alla stabilit\u00e0 mondiale, l\u00b4unica risposta \u00e8 l&#8217;integrazione. L&#8217;accordo UE-MERCOSUR, rientra in questo obiettivo. Milei continua con una politica individualista che, dal suo punto di vista potrebbe essere anche giusta, ma che si nutre di odio, contro tutte le prospettive di crescita. Approfitto per parlare del vostro, anzi del nostro&nbsp;\u00abGENTE D&#8217;ITALIA \u00e8 un giornale molto serio e che ha impegno serio con la VERIT\u00c0 e gli italiani hanno bisogno di strumenti di comunicazione che ci permettano, in un momento delicato e pieno di fake news, o la post-verit\u00e0 dove ciascuno vuole soltanto credere a ci\u00f2 che gli \u00e8 pi\u00f9 comodo, \u00e8 un giornale fondamentale per le comunit\u00e0 italiane all&#8217;estero. La sua importanza, la sua capacit\u00e0 di arrivare alle persone e quindi vedo in forma assolutamente positiva, il ritorno della circolazione di questo veicolo fondamentale per la comprensione di una realt\u00e0 oggettiva\u00bb<\/em><\/p>\n\n\n\n<p>Stefano Casini<\/p>\n","protected":false},"excerpt":{"rendered":"<p>Della&nbsp;Delegazione del PD arrivata in Uruguay per il possesso del nuovo Presidente della Repubblica&nbsp;Orsi, hanno fatto parte &nbsp;anche due politici che negli anni si sono specializzati nell&#8217;America Latina: parliamo di Fabio Porta, Deputato eletto per la nostra Circoscrizione e Marisa Barbato, Responsabile del PD per il Sudamerica. Anche loro hanno elogiato, non soltanto l&#8217;Assunzione di &hellip;<\/p>\n","protected":false},"author":1,"featured_media":475,"comment_status":"closed","ping_status":"closed","sticky":false,"template":"","format":"standard","meta":{"footnotes":""},"categories":[4,7],"tags":[],"class_list":["post-474","post","type-post","status-publish","format-standard","has-post-thumbnail","hentry","category-fabio-porta","category-pd"],"aioseo_notices":[],"_links":{"self":[{"href":"https:\/\/pdemocraticoneuquen.com\/index.php\/wp-json\/wp\/v2\/posts\/474","targetHints":{"allow":["GET"]}}],"collection":[{"href":"https:\/\/pdemocraticoneuquen.com\/index.php\/wp-json\/wp\/v2\/posts"}],"about":[{"href":"https:\/\/pdemocraticoneuquen.com\/index.php\/wp-json\/wp\/v2\/types\/post"}],"author":[{"embeddable":true,"href":"https:\/\/pdemocraticoneuquen.com\/index.php\/wp-json\/wp\/v2\/users\/1"}],"replies":[{"embeddable":true,"href":"https:\/\/pdemocraticoneuquen.com\/index.php\/wp-json\/wp\/v2\/comments?post=474"}],"version-history":[{"count":1,"href":"https:\/\/pdemocraticoneuquen.com\/index.php\/wp-json\/wp\/v2\/posts\/474\/revisions"}],"predecessor-version":[{"id":476,"href":"https:\/\/pdemocraticoneuquen.com\/index.php\/wp-json\/wp\/v2\/posts\/474\/revisions\/476"}],"wp:featuredmedia":[{"embeddable":true,"href":"https:\/\/pdemocraticoneuquen.com\/index.php\/wp-json\/wp\/v2\/media\/475"}],"wp:attachment":[{"href":"https:\/\/pdemocraticoneuquen.com\/index.php\/wp-json\/wp\/v2\/media?parent=474"}],"wp:term":[{"taxonomy":"category","embeddable":true,"href":"https:\/\/pdemocraticoneuquen.com\/index.php\/wp-json\/wp\/v2\/categories?post=474"},{"taxonomy":"post_tag","embeddable":true,"href":"https:\/\/pdemocraticoneuquen.com\/index.php\/wp-json\/wp\/v2\/tags?post=474"}],"curies":[{"name":"wp","href":"https:\/\/api.w.org\/{rel}","templated":true}]}}