{"id":464,"date":"2025-02-21T09:46:51","date_gmt":"2025-02-21T12:46:51","guid":{"rendered":"https:\/\/pdemocraticoneuquen.com\/?p=464"},"modified":"2025-02-21T09:46:52","modified_gmt":"2025-02-21T12:46:52","slug":"porta-pd-approvato-dal-parlamento-del-brasile-il-rinnovo-dellacccordo-con-litalia-in-materia-di-reciproco-riconoscimento-delle-patenti","status":"publish","type":"post","link":"https:\/\/pdemocraticoneuquen.com\/index.php\/2025\/02\/21\/porta-pd-approvato-dal-parlamento-del-brasile-il-rinnovo-dellacccordo-con-litalia-in-materia-di-reciproco-riconoscimento-delle-patenti\/","title":{"rendered":"PORTA (PD): APPROVATO DAL PARLAMENTO DEL BRASILE IL RINNOVO DELL&#8217;ACCCORDO CON L&#8217;ITALIA IN MATERIA DI RECIPROCO RICONOSCIMENTO DELLE PATENTI"},"content":{"rendered":"\n<p><br><br>Dopo la firma a luglio a Brasilia, in occasione della visita del Presidente della Repubblica italiana Sergio Mattarella, ed il voto alla Camera dei Deputati dello scorso dicembre, il Senato del Brasile ha definitivamente ratificato il rinnovo dell&#8217;accordo con l&#8217;Italia in materia di reciproco riconoscimento delle patenti di guida. Un accordo importante, entrato in vigore gi\u00e0 nel 2017 e in vigore fino al 2023, che per\u00f2 necessitava di un aggiornamento a causa delle modifiche intervenute nelle rispettive normative. Finalmente, con un grave ritardo ma grazie alle sollecitazioni delle due grandi collettivit\u00e0 e dei gruppi parlamentari di amicizia Italia-Brasile, con l&#8217;approvazione di ieri si conclude l&#8217;iter che adesso avr\u00e0 bisogno soltanto della comunicazione formale da parte del Ministero degli Esteri italiano a quello dei Trasporti, che a sua volta proceder\u00e0 in un periodo massimo di 60 giorni a dare disposizioni operative alla Motorizzazione civile per l&#8217;applicazione e l&#8217;operativit\u00e0 in Italia e Brasile del riconoscimento reciproco delle patenti di guida. Un risultato atteso da tempo e con grande apprensione dai brasiliani in Italia e dagli italiani in Brasile che contribuir\u00e0 a rafforzare ancora di pi\u00f9 i gi\u00e0 solidi e antichi rapporti di amicizia tra i due Paesi.<\/p>\n","protected":false},"excerpt":{"rendered":"<p>Dopo la firma a luglio a Brasilia, in occasione della visita del Presidente della Repubblica italiana Sergio Mattarella, ed il voto alla Camera dei Deputati dello scorso dicembre, il Senato del Brasile ha definitivamente ratificato il rinnovo dell&#8217;accordo con l&#8217;Italia in materia di reciproco riconoscimento delle patenti di guida. Un accordo importante, entrato in vigore &hellip;<\/p>\n","protected":false},"author":1,"featured_media":465,"comment_status":"closed","ping_status":"closed","sticky":false,"template":"","format":"standard","meta":{"footnotes":""},"categories":[4,7],"tags":[],"class_list":["post-464","post","type-post","status-publish","format-standard","has-post-thumbnail","hentry","category-fabio-porta","category-pd"],"aioseo_notices":[],"_links":{"self":[{"href":"https:\/\/pdemocraticoneuquen.com\/index.php\/wp-json\/wp\/v2\/posts\/464","targetHints":{"allow":["GET"]}}],"collection":[{"href":"https:\/\/pdemocraticoneuquen.com\/index.php\/wp-json\/wp\/v2\/posts"}],"about":[{"href":"https:\/\/pdemocraticoneuquen.com\/index.php\/wp-json\/wp\/v2\/types\/post"}],"author":[{"embeddable":true,"href":"https:\/\/pdemocraticoneuquen.com\/index.php\/wp-json\/wp\/v2\/users\/1"}],"replies":[{"embeddable":true,"href":"https:\/\/pdemocraticoneuquen.com\/index.php\/wp-json\/wp\/v2\/comments?post=464"}],"version-history":[{"count":1,"href":"https:\/\/pdemocraticoneuquen.com\/index.php\/wp-json\/wp\/v2\/posts\/464\/revisions"}],"predecessor-version":[{"id":466,"href":"https:\/\/pdemocraticoneuquen.com\/index.php\/wp-json\/wp\/v2\/posts\/464\/revisions\/466"}],"wp:featuredmedia":[{"embeddable":true,"href":"https:\/\/pdemocraticoneuquen.com\/index.php\/wp-json\/wp\/v2\/media\/465"}],"wp:attachment":[{"href":"https:\/\/pdemocraticoneuquen.com\/index.php\/wp-json\/wp\/v2\/media?parent=464"}],"wp:term":[{"taxonomy":"category","embeddable":true,"href":"https:\/\/pdemocraticoneuquen.com\/index.php\/wp-json\/wp\/v2\/categories?post=464"},{"taxonomy":"post_tag","embeddable":true,"href":"https:\/\/pdemocraticoneuquen.com\/index.php\/wp-json\/wp\/v2\/tags?post=464"}],"curies":[{"name":"wp","href":"https:\/\/api.w.org\/{rel}","templated":true}]}}