{"id":462,"date":"2025-02-21T09:40:15","date_gmt":"2025-02-21T12:40:15","guid":{"rendered":"https:\/\/pdemocraticoneuquen.com\/?p=462"},"modified":"2025-02-21T09:40:16","modified_gmt":"2025-02-21T12:40:16","slug":"la-storia-si-ripete","status":"publish","type":"post","link":"https:\/\/pdemocraticoneuquen.com\/index.php\/2025\/02\/21\/la-storia-si-ripete\/","title":{"rendered":"LA STORIA SI RIPETE"},"content":{"rendered":"\n<p><strong>Dall&#8217;invasione dell&#8217;Ucraina alla delegittimazione dell&#8217;ONU, tornano i fantasmi di un secolo fa<\/strong><br><br>Il filosofo napoletano Giambattista Vico \u00e8 ancora oggi universalmente conosciuto per la sua teoria dei \u00abcorsi e ricorsi storici\u00bb; sosteneva che alcuni accadimenti si ripetevano con le medesime modalit\u00e0, anche a distanza di tanto tempo e ci\u00f2 avveniva non per puro caso ma in base ad un preciso disegno stilato della divina provvidenza. Con una frase altrettanto semplice e sintetica, il pi\u00f9 noto e saggio degli oratori dell&#8217;antica Roma, Cicerone, soleva dire che la storia \u00e8 maestra di vita (Historia magistra vitae). Dinanzi agli accadimenti di questi ultimi anni, forse mai come dalla deflagrazione della Seconda guerra mondiale, non possiamo che riconoscere che i fantasmi dell&#8217;autoritarismo e del nazionalismo si stanno riproponendo in maniera pressoch\u00e9 identica come se quasi un secolo di pace in Europa non abbia insegnato nulla ad alcuni statisti e a milioni di loro seguaci. Il parallelismo tra l&#8217;invasione nazista della Polonia del 1939 e l&#8217;aggressione russa all&#8217;Ucraina \u00e8 fin troppo evidente, come anche l&#8217;avanzare sulla scena mondiale di una internazionale populista sovranista che parrebbe intenzionata a distruggere le organizzazioni europee e internazionali. Negli anni &#8217;30 sotto accusa era la Societ\u00e0 delle Nazioni, oggi l&#8217;Unione Europea e l&#8217;organizzazione delle Nazioni Unite. Secondo l&#8217;ex parlamentare europeo Luciano Vecchi \u00abla tecnica \u00e8 sempre la stessa. Prima si ostacola e si vanifica il funzionamento delle organizzazioni internazionali. Poi le si deride ed indica come il nemico &#8216;della libert\u00e0 dei popoli e delle nazioni&#8217;. Infine, le si svuota\u00bb. Pochi giorni dopo l&#8217;insediamento del nuovo Presidente degli Stati Uniti Donald Trump e alla vigilia del secondo anniversario dell&#8217;invasione russa dell&#8217;Ucraina, \u00e8 stato il Presidente della Repubblica italiana Sergio Mattarella lo statista europeo a lanciare l&#8217;appello pi\u00f9 accorato e convinto alla comunit\u00e0 internazionale contro i rischi del \u00abritorno al passato\u00bb; lo ha fatto in maniera significativa parlando a docenti e studenti dell&#8217;Universit\u00e0 francese di Marsiglia nel corso di una &#8216;lectio magistralis&#8217; tenuta in occasione del ricevimento della laurea honoris causa. Anche Mattarella ha ricordato quanto accadeva in Europa cento anni fa, quando \u00abnel fragile contesto degli anni fra le due guerre mondiali, percorso da un cupo rialzarsi del nazionalismo, da allarmanti tendenze al riarmo, dal contrasto fra gli Stati &#8211; secondo la logica delle sfere di influenza &#8211; furono circa 20 i casi di recesso dalla Societ\u00e0 delle Nazioni. La Germania, con Hitler Cancelliere, si ritir\u00f2 nel 1933. Lo stesso fece il Giappone. L&#8217;Italia usc\u00ec nel 1937\u00bb. La fine del multilateralismo e della cooperazione internazionale, a favore dell&#8217;innalzamento di muri e della moltiplicazione dei dazi, potrebbe quindi avere come conseguenza non soltanto la fine del diritto internazionale ma anche la rinuncia ad affrontare insieme (ossia nell&#8217;unica maniera possibile) le grandi emergenze mondiali, a partire dalla lotta ai cambiamenti climatici e alla povert\u00e0. Una regressione di oltre un secolo, verso un mondo dominato dall&#8217;egoismo, dove ogni uomo \u00e8 lupo per l&#8217;altro uomo (\u00abhomo homini lupus\u00bb) come la societ\u00e0 descritta nel &#8216;600 dal filosofo inglese Hobbes. Non comprendere i rischi di questo ritorno al passato potrebbe essere fatale; con una significativa aggravante: la prossima guerra mondiale potrebbe coincidere con la fine dell&#8217;umanit\u00e0. Come profeticamente ebbe a dire nel 1945 Albert Einstein, \u00abNon so con quali armi si combatter\u00e0 la terza guerra mondiale, ma so che la quarta si far\u00e0 con pietre e bastoni\u00bb.<\/p>\n\n\n\n<p>On. Fabio Porta<\/p>\n","protected":false},"excerpt":{"rendered":"<p>Dall&#8217;invasione dell&#8217;Ucraina alla delegittimazione dell&#8217;ONU, tornano i fantasmi di un secolo faIl filosofo napoletano Giambattista Vico \u00e8 ancora oggi universalmente conosciuto per la sua teoria dei \u00abcorsi e ricorsi storici\u00bb; sosteneva che alcuni accadimenti si ripetevano con le medesime modalit\u00e0, anche a distanza di tanto tempo e ci\u00f2 avveniva non per puro caso ma in &hellip;<\/p>\n","protected":false},"author":1,"featured_media":421,"comment_status":"closed","ping_status":"closed","sticky":false,"template":"","format":"standard","meta":{"footnotes":""},"categories":[4,7],"tags":[],"class_list":["post-462","post","type-post","status-publish","format-standard","has-post-thumbnail","hentry","category-fabio-porta","category-pd"],"aioseo_notices":[],"_links":{"self":[{"href":"https:\/\/pdemocraticoneuquen.com\/index.php\/wp-json\/wp\/v2\/posts\/462","targetHints":{"allow":["GET"]}}],"collection":[{"href":"https:\/\/pdemocraticoneuquen.com\/index.php\/wp-json\/wp\/v2\/posts"}],"about":[{"href":"https:\/\/pdemocraticoneuquen.com\/index.php\/wp-json\/wp\/v2\/types\/post"}],"author":[{"embeddable":true,"href":"https:\/\/pdemocraticoneuquen.com\/index.php\/wp-json\/wp\/v2\/users\/1"}],"replies":[{"embeddable":true,"href":"https:\/\/pdemocraticoneuquen.com\/index.php\/wp-json\/wp\/v2\/comments?post=462"}],"version-history":[{"count":1,"href":"https:\/\/pdemocraticoneuquen.com\/index.php\/wp-json\/wp\/v2\/posts\/462\/revisions"}],"predecessor-version":[{"id":463,"href":"https:\/\/pdemocraticoneuquen.com\/index.php\/wp-json\/wp\/v2\/posts\/462\/revisions\/463"}],"wp:featuredmedia":[{"embeddable":true,"href":"https:\/\/pdemocraticoneuquen.com\/index.php\/wp-json\/wp\/v2\/media\/421"}],"wp:attachment":[{"href":"https:\/\/pdemocraticoneuquen.com\/index.php\/wp-json\/wp\/v2\/media?parent=462"}],"wp:term":[{"taxonomy":"category","embeddable":true,"href":"https:\/\/pdemocraticoneuquen.com\/index.php\/wp-json\/wp\/v2\/categories?post=462"},{"taxonomy":"post_tag","embeddable":true,"href":"https:\/\/pdemocraticoneuquen.com\/index.php\/wp-json\/wp\/v2\/tags?post=462"}],"curies":[{"name":"wp","href":"https:\/\/api.w.org\/{rel}","templated":true}]}}