{"id":439,"date":"2025-01-24T13:29:58","date_gmt":"2025-01-24T16:29:58","guid":{"rendered":"https:\/\/pdemocraticoneuquen.com\/?p=439"},"modified":"2025-01-24T13:29:58","modified_gmt":"2025-01-24T16:29:58","slug":"il-vero-patriottismo","status":"publish","type":"post","link":"https:\/\/pdemocraticoneuquen.com\/index.php\/2025\/01\/24\/il-vero-patriottismo\/","title":{"rendered":"IL VERO PATRIOTTISMO"},"content":{"rendered":"\n<p><strong><em>Il governo italiano ha scelto la via del nazionalismo, non del patriottismo<\/em><\/strong><\/p>\n\n\n\n<p>Per noi italiani all&#8217;estero la parola e il concetto di \u00abpatria\u00bb hanno sempre evocato il fortissimo legame con l&#8217;Italia, un legame che \u2013 lo abbiamo detto o sentito dire tante volte \u2013 a volte \u00e8 vivo e presente tra coloro che vivono lontano dal nostro Paese con una maggiore profondit\u00e0 di quello di chi continua a vivere all&#8217;interno dei confini nazionali.<\/p>\n\n\n\n<p>La parola \u00abpatria\u00bb, infatti, \u00e8 carica di una componente emotiva evidente, deriva dalla lingua latina e vuole letteralmente dire \u00abla terra dei padri\u00bb, con una chiara accezione affettiva e non solo formale o geografica. Nel corso dei secoli, e soprattutto durante la pagina pi\u00f9 buia della storia d&#8217;Italia, la parola \u00abpatria\u00bb \u00e8 stata distorta, ossia utilizzata in maniera impropria, con una caratterizzazione etnica imposta da un regime autoritario. Oggi, fortunatamente, stiamo tornando ad usare questo termine in maniera appropriata e nel pieno spirito costituzionale; lo dimostra chiaramente il discorso che il Presidente della Repubblica Sergio Mattarella ha rivolto \u00aba chi si trova in Italia e agli italiani che sono all&#8217;estero.\u00bb<\/p>\n\n\n\n<p>Il Presidente non parla di \u00abnazione\u00bb ma di \u00abpatria\u00bb, anzi di patriottismo. E, riferendosi a quanti amano l&#8217;Italia pur non essendo nati in Italia dice che \u00ab\u00ab\u00e8 patriottismo (anche) quello di chi, con origini in altri Paesi, ama l&#8217;Italia, ne fa propri i valori costituzionali e le leggi, ne vive appieno la quotidianit\u00e0, e con il suo lavoro e con la sua sensibilit\u00e0 ne diventa parte e contribuisce ad arricchire la nostra comunit\u00e0\u00bb.<\/p>\n\n\n\n<p>A commento di queste parole, il politologo Sergio Fabbrini, Direttore della LUISS di Roma, ha scritto che \u00abnon \u00e8 la pelle bianca o la fede cattolica o la conoscenza di Dante che ci rende italiani. Siamo italiani perch\u00e9 onoriamo i valori costituzionali e la legalit\u00e0 repubblicana, rispettando la dignit\u00e0 di ogni persona che vive nel nostro Paese, a prescindere dalle sue caratteristiche fisiche e culturali\u00bb.<\/p>\n\n\n\n<p>Sono parole che potremmo tranquillamente estendere a milioni di italiani nel mondo e in particolare alle generazioni di italiani nati all&#8217;estero da genitori di origine italiana. \u00c8 in altre parole il concetto di \u00abitalicit\u00e0\u00bb al quale lo stesso Presidente Mattarella si \u00e8 riferito in pi\u00f9 occasioni, accomunando le nostre grandi collettivit\u00e0 italiane all&#8217;estero con le sempre pi\u00f9 numerose comunit\u00e0 di stranieri immigrate in Italia.<\/p>\n\n\n\n<p>Un concetto che io ho in alcune occasioni definito \u00abcittadinanza universale\u00bb, fondata appunto pi\u00f9 sull&#8217;appartenenza e sul riconoscimento di valori linguistici, sociali e culturali che su criteri e definizioni asettiche e automatiche.<\/p>\n\n\n\n<p>\u00c8 di questa nuova Italia e di questi \u00abpatrioti\u00bb che abbiamo bisogno, per contrastare allo stesso tempo l&#8217;insorgere o la recrudescenza di un nazionalismo stupido e ottuso ma anche la tenaglia dell&#8217;inverno demografico che con lo spopolamento delle aree interne sta decretando la morte annunciata di un Paese che ha una necessit\u00e0 disperata di nuove risorse umane.<\/p>\n\n\n\n<p>Il generale francese Charles De Gaulle amava dire che \u00abil patriottismo \u00e8 l&#8217;amore per il proprio paese, il nazionalismo \u00e8 l&#8217;odio per gli altri paesi\u00bb. Alcune recenti scelte del governo italiano si sono incomprensibilmente accanite in uguale misura contro emigrati e immigrati, confermando una visione tendenzialmente \u00abnazionalista\u00bb e non \u00abpatriottica\u00bb dello Stato. Speriamo che questo atteggiamento, che oltre ad essere sbagliato \u00e8 soprattutto dannoso (se non masochista), possa cambiare prima che sia troppo tardi; lo speriamo nell&#8217;interesse dell&#8217;Italia e del futuro della nostra patria.<\/p>\n","protected":false},"excerpt":{"rendered":"<p>Il governo italiano ha scelto la via del nazionalismo, non del patriottismo Per noi italiani all&#8217;estero la parola e il concetto di \u00abpatria\u00bb hanno sempre evocato il fortissimo legame con l&#8217;Italia, un legame che \u2013 lo abbiamo detto o sentito dire tante volte \u2013 a volte \u00e8 vivo e presente tra coloro che vivono lontano &hellip;<\/p>\n","protected":false},"author":1,"featured_media":440,"comment_status":"closed","ping_status":"closed","sticky":false,"template":"","format":"standard","meta":{"footnotes":""},"categories":[4,7],"tags":[],"class_list":["post-439","post","type-post","status-publish","format-standard","has-post-thumbnail","hentry","category-fabio-porta","category-pd"],"aioseo_notices":[],"_links":{"self":[{"href":"https:\/\/pdemocraticoneuquen.com\/index.php\/wp-json\/wp\/v2\/posts\/439","targetHints":{"allow":["GET"]}}],"collection":[{"href":"https:\/\/pdemocraticoneuquen.com\/index.php\/wp-json\/wp\/v2\/posts"}],"about":[{"href":"https:\/\/pdemocraticoneuquen.com\/index.php\/wp-json\/wp\/v2\/types\/post"}],"author":[{"embeddable":true,"href":"https:\/\/pdemocraticoneuquen.com\/index.php\/wp-json\/wp\/v2\/users\/1"}],"replies":[{"embeddable":true,"href":"https:\/\/pdemocraticoneuquen.com\/index.php\/wp-json\/wp\/v2\/comments?post=439"}],"version-history":[{"count":1,"href":"https:\/\/pdemocraticoneuquen.com\/index.php\/wp-json\/wp\/v2\/posts\/439\/revisions"}],"predecessor-version":[{"id":441,"href":"https:\/\/pdemocraticoneuquen.com\/index.php\/wp-json\/wp\/v2\/posts\/439\/revisions\/441"}],"wp:featuredmedia":[{"embeddable":true,"href":"https:\/\/pdemocraticoneuquen.com\/index.php\/wp-json\/wp\/v2\/media\/440"}],"wp:attachment":[{"href":"https:\/\/pdemocraticoneuquen.com\/index.php\/wp-json\/wp\/v2\/media?parent=439"}],"wp:term":[{"taxonomy":"category","embeddable":true,"href":"https:\/\/pdemocraticoneuquen.com\/index.php\/wp-json\/wp\/v2\/categories?post=439"},{"taxonomy":"post_tag","embeddable":true,"href":"https:\/\/pdemocraticoneuquen.com\/index.php\/wp-json\/wp\/v2\/tags?post=439"}],"curies":[{"name":"wp","href":"https:\/\/api.w.org\/{rel}","templated":true}]}}