{"id":437,"date":"2025-01-24T12:40:46","date_gmt":"2025-01-24T15:40:46","guid":{"rendered":"https:\/\/pdemocraticoneuquen.com\/?p=437"},"modified":"2025-01-24T12:40:47","modified_gmt":"2025-01-24T15:40:47","slug":"porta-pd-linps-ratifica-leliminazione-dellindennita-di-disoccupazione-per-i-rimpatriati","status":"publish","type":"post","link":"https:\/\/pdemocraticoneuquen.com\/index.php\/2025\/01\/24\/porta-pd-linps-ratifica-leliminazione-dellindennita-di-disoccupazione-per-i-rimpatriati\/","title":{"rendered":"PORTA (PD): L&#8217;INPS \u00abRATIFICA\u00bb L&#8217;ELIMINAZIONE DELL&#8217;INDENNIT\u00c0 DI DISOCCUPAZIONE PER I RIMPATRIATI"},"content":{"rendered":"\n<p>Con un messaggio breve ed asettico (ma non poteva essere altrimenti) l&#8217;Istituto previdenziale italiano ci ha ricordato che questo Governo con la Legge di Bilancio per il 2025 ha abrogato la legge che prevedeva e disciplinava la concessione dell&#8217;indennit\u00e0 di disoccupazione a favore dei nostri connazionali residenti all&#8217;estero, lavoratori e lavoratrici, i quali tornano in Italia dopo aver perso il lavoro all&#8217;estero. ,Il Messaggio n. 184 del 17\/01\/2025 ci informa che la legge n. 402 del 1975 \u00abTrattamento di disoccupazione in favore dei lavoratori rimpatriati\u00bb \u00e8 disapplicata per le cessazioni del rapporto di lavoro che interverranno a partire dal 1\u00b0 gennaio 2025 con l&#8217;inibizione appunto della procedura che dava la possibilit\u00e0 di presentare le domande di disoccupazione da parte del cittadino e degli Istituti di patronato, riguardanti cessazioni di lavoro intervenute dal 1\u00b0 gennaio 2025. La nuova norma ora recepita anche dall&#8217;Inps infatti stabilisce che le disposizioni previste dalla legge n. 402 del 1975 &#8211; che riconoscevano il trattamento ordinario di disoccupazione (compresi anche gli assegni familiari e l&#8217;assistenza sanitaria per se&#8217; e per i familiari a carico) per un periodo di 180 giorni ai lavoratori italiani rimpatriati, nonch\u00e9 ai lavoratori frontalieri, in caso di disoccupazione derivante da licenziamento ovvero da mancato rinnovo del contratto di lavoro stagionale da parte del datore di lavoro all&#8217;estero &#8211; non si applichino alle cessazioni del rapporto di lavoro intervenute a partire dal 1\u00b0 gennaio 2025. Giova quindi ribadire che il Governo ha cancellato l&#8217;unica misura di sostegno economico prevista dalla legislazione italiana a favore degli emigrati che rimpatriano e si trovano in una situazione di disagio economico e di difficolt\u00e0 occupazionale (va infatti rilevato che n\u00e9 l&#8217;assegno di inclusione n\u00e9 il supporto per la formazione e il lavoro \u2013 i nuovi strumenti post Reddito di cittadinanza &#8211; sono accessibili agli italiani che rientrano in quanto i connazionali che rientrano sono ovviamente sprovvisti del requisito di residenza richiesto dalla legge e cio\u00e8 dei due anni di residenza continuativa in Italia nel periodo immediatamente precedente la presentazione della domanda). La misura abrogata era stata introdotta con l&#8217;obiettivo di sostenere i lavoratori e le lavoratrici che tornano in Italia dopo aver perso il lavoro all&#8217;estero, mentre il nuovo intervento mira evidentemente ed esclusivamente a fare cassa penalizzando il mondo dell&#8217;emigrazione senza prevedere strumenti di sostegno alternativi.<\/p>\n","protected":false},"excerpt":{"rendered":"<p>Con un messaggio breve ed asettico (ma non poteva essere altrimenti) l&#8217;Istituto previdenziale italiano ci ha ricordato che questo Governo con la Legge di Bilancio per il 2025 ha abrogato la legge che prevedeva e disciplinava la concessione dell&#8217;indennit\u00e0 di disoccupazione a favore dei nostri connazionali residenti all&#8217;estero, lavoratori e lavoratrici, i quali tornano in &hellip;<\/p>\n","protected":false},"author":1,"featured_media":386,"comment_status":"closed","ping_status":"closed","sticky":false,"template":"","format":"standard","meta":{"footnotes":""},"categories":[4,7],"tags":[],"class_list":["post-437","post","type-post","status-publish","format-standard","has-post-thumbnail","hentry","category-fabio-porta","category-pd"],"aioseo_notices":[],"_links":{"self":[{"href":"https:\/\/pdemocraticoneuquen.com\/index.php\/wp-json\/wp\/v2\/posts\/437","targetHints":{"allow":["GET"]}}],"collection":[{"href":"https:\/\/pdemocraticoneuquen.com\/index.php\/wp-json\/wp\/v2\/posts"}],"about":[{"href":"https:\/\/pdemocraticoneuquen.com\/index.php\/wp-json\/wp\/v2\/types\/post"}],"author":[{"embeddable":true,"href":"https:\/\/pdemocraticoneuquen.com\/index.php\/wp-json\/wp\/v2\/users\/1"}],"replies":[{"embeddable":true,"href":"https:\/\/pdemocraticoneuquen.com\/index.php\/wp-json\/wp\/v2\/comments?post=437"}],"version-history":[{"count":1,"href":"https:\/\/pdemocraticoneuquen.com\/index.php\/wp-json\/wp\/v2\/posts\/437\/revisions"}],"predecessor-version":[{"id":438,"href":"https:\/\/pdemocraticoneuquen.com\/index.php\/wp-json\/wp\/v2\/posts\/437\/revisions\/438"}],"wp:featuredmedia":[{"embeddable":true,"href":"https:\/\/pdemocraticoneuquen.com\/index.php\/wp-json\/wp\/v2\/media\/386"}],"wp:attachment":[{"href":"https:\/\/pdemocraticoneuquen.com\/index.php\/wp-json\/wp\/v2\/media?parent=437"}],"wp:term":[{"taxonomy":"category","embeddable":true,"href":"https:\/\/pdemocraticoneuquen.com\/index.php\/wp-json\/wp\/v2\/categories?post=437"},{"taxonomy":"post_tag","embeddable":true,"href":"https:\/\/pdemocraticoneuquen.com\/index.php\/wp-json\/wp\/v2\/tags?post=437"}],"curies":[{"name":"wp","href":"https:\/\/api.w.org\/{rel}","templated":true}]}}