{"id":427,"date":"2024-11-24T15:36:04","date_gmt":"2024-11-24T18:36:04","guid":{"rendered":"https:\/\/pdemocraticoneuquen.com\/?p=427"},"modified":"2024-11-24T15:36:04","modified_gmt":"2024-11-24T18:36:04","slug":"un-santo-italiano-per-gli-indios","status":"publish","type":"post","link":"https:\/\/pdemocraticoneuquen.com\/index.php\/2024\/11\/24\/un-santo-italiano-per-gli-indios\/","title":{"rendered":"UN SANTO ITALIANO PER GLI INDIOS"},"content":{"rendered":"\n<p>Papa Francesco ha canonizzato Padre Giuseppe Allamano, missionario piemontese<\/p>\n\n\n\n<p>In un mondo sempre pi\u00f9 devastato dalle violente conseguenze dei cambiamenti climatici, alla vigilia della COP30 sul clima che si svolger\u00e0 nel 2025 a Bel\u00e8m in Brasile nel cuore dell&#8217;Amazzonia, il Papa \u2013 che gi\u00e0 aveva manifestato tutta la sua sensibilit\u00e0 e preoccupazione in materia ambientale nella bellissima enciclica \u00abLaudato sii\u00bb \u2013 ha voluto dare un altro fortissimo messaggio proclamando Santo un sacerdote italiano che all&#8217;inizio del secolo scorso fond\u00f2 a Torino l&#8217;ordine dei missionari della Consolata. Giuseppe Allamano nacque il 21 gennaio 1851 a Castelnuovo, lo stesso piccolo paese piemontese che diede i natali ad un altro grande Santo molto conosciuto in Brasile e nel mondo, Don Giovanni Bosco. Ordinato prete ventiduenne, sette anni dopo \u00e8 Rettore del Convitto ecclesiastico per i neo-sacerdoti; la missione dell&#8217;Istituto che ha fondato part\u00ec dal Santuario della Consolata ed \u00e8 oggi diffusa in tutto il mondo, dove i missionari e le missionarie della Consolata continuano a testimoniare la fede, spesso in condizioni di povert\u00e0 materiale e spirituale. Tutto inizia da un&#8217;osservazione che turba Padre Allamano: molti giovani preti desiderosi di diventare missionari vengono ostacolati dalle diocesi, che alle missioni preferiscono mandare soldi piuttosto che risorse umane. Il prete piemontese decide di creare cos\u00ec un Istituto di missionari. Nel 1902 parte la prima spedizione verso l&#8217;Africa, in Kenya. Otto anni pi\u00f9 tardi Allamano d\u00e0 origine anche alle Suore Missionarie della Consolata. Il miracolo che conduce Padre Allamano alla santit\u00e0 \u00e8 del febbraio 1996, e avviene proprio in Brasile: l&#8217;insperata guarigione di Sorino Yanomami, indigeno dell&#8217;Amazzonia, attaccato da un giaguaro che gli ha provocato gravi ferite al cranio, praticamente scoperchiato. Trasportato all&#8217;ospedale di Boa Vista, in Roraima, accudito dalle missionarie della Consolata, che non cessavano di chiedere la sua guarigione per intercessione del Padre Fondatore, Sorino ha miracolosamente recuperato la salute in pochi mesi, e vive tuttora nella sua comunit\u00e0 indigena. A Roma, nella conferenza stampa che ho avuto l&#8217;onore di organizzare alla Camera dei deputati, Padre Corrado Dalmonego, missionario della Consolata, antropologo, in servizio tra il popolo Yanomami, nel nord del Brasile, ha cos\u00ec commentato il miracolo: \u00ab\u00c8 come se Allamano ci dicesse \u00abio ho interceduto ma adesso, qual \u00e8 la condizione dei popoli indigeni ?\u00bb\u00bb.&nbsp; Negli ultimi anni, ci ha ricordato Padre Corrado, proprio nelle terre degli indigeni Yanomani \u00absta avvenendo una seconda corsa all&#8217;oro, un aumento esponenziale di sfruttamento minerario illegale, legato ai narcos, al traffico di armi, con 20 mila cercatori d&#8217;oro su una popolazione di 33 mila persone\u00bb. Oltre a \u00abdisboscamento, devastazione della foresta, contaminazione di acque e terre, si assiste a un deterioramento delle condizioni di salute della popolazione\u00bb. Il motto di Padre Allamano era \u00ab fare bene il bene \u00bb; forse \u00e8 proprio di questo che il mondo oggi ha bisogno; non soltanto di parlare e nemmeno di fare, ma di \u00abfare bene\u00bb per incidere su questi temi con l&#8217;urgenza e la profondit\u00e0 che richiedono. Purtroppo, dobbiamo fare i conti non soltanto con gli effetti devastanti dei cambiamenti climatici o con lo sfruttamento indiscriminato della foresta; ad essere attaccati sempre pi\u00f9 spesso sono i diritti primordiali delle popolazioni indigene, per non parlare poi del sempre pi\u00f9 frequente \u00abnegazionismo ambientale\u00bb che, come avvenne con il Covid, mette in discussione anche le evidenze della scienza contemporanea. Anche per questo Padre Giuseppe Allamano non \u00e8 soltanto un \u00abnuovo Santo\u00bb ma un simbolo profetico della necessaria e quotidiana lotta per la preservazione dell&#8217;ambiente e il rispetto delle popolazioni indigene.<\/p>\n\n\n\n<p>On. Fabio Porta<\/p>\n","protected":false},"excerpt":{"rendered":"<p>Papa Francesco ha canonizzato Padre Giuseppe Allamano, missionario piemontese In un mondo sempre pi\u00f9 devastato dalle violente conseguenze dei cambiamenti climatici, alla vigilia della COP30 sul clima che si svolger\u00e0 nel 2025 a Bel\u00e8m in Brasile nel cuore dell&#8217;Amazzonia, il Papa \u2013 che gi\u00e0 aveva manifestato tutta la sua sensibilit\u00e0 e preoccupazione in materia ambientale &hellip;<\/p>\n","protected":false},"author":1,"featured_media":78,"comment_status":"closed","ping_status":"closed","sticky":false,"template":"","format":"standard","meta":{"footnotes":""},"categories":[4,7],"tags":[],"class_list":["post-427","post","type-post","status-publish","format-standard","has-post-thumbnail","hentry","category-fabio-porta","category-pd"],"aioseo_notices":[],"_links":{"self":[{"href":"https:\/\/pdemocraticoneuquen.com\/index.php\/wp-json\/wp\/v2\/posts\/427","targetHints":{"allow":["GET"]}}],"collection":[{"href":"https:\/\/pdemocraticoneuquen.com\/index.php\/wp-json\/wp\/v2\/posts"}],"about":[{"href":"https:\/\/pdemocraticoneuquen.com\/index.php\/wp-json\/wp\/v2\/types\/post"}],"author":[{"embeddable":true,"href":"https:\/\/pdemocraticoneuquen.com\/index.php\/wp-json\/wp\/v2\/users\/1"}],"replies":[{"embeddable":true,"href":"https:\/\/pdemocraticoneuquen.com\/index.php\/wp-json\/wp\/v2\/comments?post=427"}],"version-history":[{"count":1,"href":"https:\/\/pdemocraticoneuquen.com\/index.php\/wp-json\/wp\/v2\/posts\/427\/revisions"}],"predecessor-version":[{"id":428,"href":"https:\/\/pdemocraticoneuquen.com\/index.php\/wp-json\/wp\/v2\/posts\/427\/revisions\/428"}],"wp:featuredmedia":[{"embeddable":true,"href":"https:\/\/pdemocraticoneuquen.com\/index.php\/wp-json\/wp\/v2\/media\/78"}],"wp:attachment":[{"href":"https:\/\/pdemocraticoneuquen.com\/index.php\/wp-json\/wp\/v2\/media?parent=427"}],"wp:term":[{"taxonomy":"category","embeddable":true,"href":"https:\/\/pdemocraticoneuquen.com\/index.php\/wp-json\/wp\/v2\/categories?post=427"},{"taxonomy":"post_tag","embeddable":true,"href":"https:\/\/pdemocraticoneuquen.com\/index.php\/wp-json\/wp\/v2\/tags?post=427"}],"curies":[{"name":"wp","href":"https:\/\/api.w.org\/{rel}","templated":true}]}}