{"id":425,"date":"2024-11-24T15:34:20","date_gmt":"2024-11-24T18:34:20","guid":{"rendered":"https:\/\/pdemocraticoneuquen.com\/?p=425"},"modified":"2024-11-24T15:34:21","modified_gmt":"2024-11-24T18:34:21","slug":"porta-pd-approvata-la-nostra-legge-per-migliorare-il-servizio-di-rilascio-dei-passaporti-allestero","status":"publish","type":"post","link":"https:\/\/pdemocraticoneuquen.com\/index.php\/2024\/11\/24\/porta-pd-approvata-la-nostra-legge-per-migliorare-il-servizio-di-rilascio-dei-passaporti-allestero\/","title":{"rendered":"PORTA (PD): APPROVATA LA NOSTRA LEGGE PER MIGLIORARE IL SERVIZIO DI RILASCIO DEI PASSAPORTI ALL&#8217;ESTERO"},"content":{"rendered":"\n<p>Una nuova legge targata PD a sostegno dei servizi consolari: dopo l&#8217;istituzione del \u00abfondo cittadinanza\u00bb, grazie ad una mia iniziativa parlamentare del 2016, \u00e8 stata approvata oggi dal Senato la legge che destiner\u00e0 nuove risorse ai servizi consolari per rendere pi\u00f9 agevole e rapida la consegna dei passaporti.<\/p>\n\n\n\n<p>La legge a prima firma del collega Ricciardi e sottoscritta dai colleghi eletti all&#8217;estero (non soltanto del Partito Democratico) istituisce un primo fondo di 4 milioni che sar\u00e0 utilizzato per migliorare il servizio di appuntamenti e consegne dei passaporti, che da tempo soffre di gravi ritardi e dalle difficolt\u00e0 di una rete consolare in affanno. &nbsp;<\/p>\n\n\n\n<p>Come per le risorse sulla cittadinanza, ancora una volta gli italiani all&#8217;estero dimostrano che non sono un \u00abproblema\u00bb ma la \u00absoluzione\u00bb per il miglioramento dei servizi consolari e tante altre politiche di sviluppo e di crescita per il Paese. &nbsp;<\/p>\n\n\n\n<p>Vigileremo affinch\u00e9 queste risorse siano destinate effettivamente al miglioramento dei servizi, contrastando la precarizzazione del lavoro presso i consolati e rafforzando una rete consolare ampiamente al di sotto delle esigenze di quasi sette milioni di italiani all&#8217;estero. Mentre il governo Meloni taglia 22 milioni di euro per i prossimi tre anni ai consolati, elimina l&#8217;adeguamento delle pensioni e l&#8217;indennit\u00e0 per i disoccupati italiani all&#8217;estero, il PD continua l&#8217;impegno a favore dei nostri connazionali, con nuove risorse e iniziative serie e credibili. Fatti non parole.<\/p>\n\n\n\n<p>On. Fabio Porta<\/p>\n","protected":false},"excerpt":{"rendered":"<p>Una nuova legge targata PD a sostegno dei servizi consolari: dopo l&#8217;istituzione del \u00abfondo cittadinanza\u00bb, grazie ad una mia iniziativa parlamentare del 2016, \u00e8 stata approvata oggi dal Senato la legge che destiner\u00e0 nuove risorse ai servizi consolari per rendere pi\u00f9 agevole e rapida la consegna dei passaporti. La legge a prima firma del collega &hellip;<\/p>\n","protected":false},"author":1,"featured_media":292,"comment_status":"closed","ping_status":"closed","sticky":false,"template":"","format":"standard","meta":{"footnotes":""},"categories":[4,7],"tags":[],"class_list":["post-425","post","type-post","status-publish","format-standard","has-post-thumbnail","hentry","category-fabio-porta","category-pd"],"aioseo_notices":[],"_links":{"self":[{"href":"https:\/\/pdemocraticoneuquen.com\/index.php\/wp-json\/wp\/v2\/posts\/425","targetHints":{"allow":["GET"]}}],"collection":[{"href":"https:\/\/pdemocraticoneuquen.com\/index.php\/wp-json\/wp\/v2\/posts"}],"about":[{"href":"https:\/\/pdemocraticoneuquen.com\/index.php\/wp-json\/wp\/v2\/types\/post"}],"author":[{"embeddable":true,"href":"https:\/\/pdemocraticoneuquen.com\/index.php\/wp-json\/wp\/v2\/users\/1"}],"replies":[{"embeddable":true,"href":"https:\/\/pdemocraticoneuquen.com\/index.php\/wp-json\/wp\/v2\/comments?post=425"}],"version-history":[{"count":1,"href":"https:\/\/pdemocraticoneuquen.com\/index.php\/wp-json\/wp\/v2\/posts\/425\/revisions"}],"predecessor-version":[{"id":426,"href":"https:\/\/pdemocraticoneuquen.com\/index.php\/wp-json\/wp\/v2\/posts\/425\/revisions\/426"}],"wp:featuredmedia":[{"embeddable":true,"href":"https:\/\/pdemocraticoneuquen.com\/index.php\/wp-json\/wp\/v2\/media\/292"}],"wp:attachment":[{"href":"https:\/\/pdemocraticoneuquen.com\/index.php\/wp-json\/wp\/v2\/media?parent=425"}],"wp:term":[{"taxonomy":"category","embeddable":true,"href":"https:\/\/pdemocraticoneuquen.com\/index.php\/wp-json\/wp\/v2\/categories?post=425"},{"taxonomy":"post_tag","embeddable":true,"href":"https:\/\/pdemocraticoneuquen.com\/index.php\/wp-json\/wp\/v2\/tags?post=425"}],"curies":[{"name":"wp","href":"https:\/\/api.w.org\/{rel}","templated":true}]}}