{"id":412,"date":"2024-11-10T07:29:15","date_gmt":"2024-11-10T10:29:15","guid":{"rendered":"https:\/\/pdemocraticoneuquen.com\/?p=412"},"modified":"2024-11-10T07:29:16","modified_gmt":"2024-11-10T10:29:16","slug":"demografia-spopolamento-e-crisi-demografica-un-convegno-alla-camera-dei-deputati-per-affrontare-lemergenza-e-proporre-nuove-strategie","status":"publish","type":"post","link":"https:\/\/pdemocraticoneuquen.com\/index.php\/2024\/11\/10\/demografia-spopolamento-e-crisi-demografica-un-convegno-alla-camera-dei-deputati-per-affrontare-lemergenza-e-proporre-nuove-strategie\/","title":{"rendered":"DEMOGRAFIA, SPOPOLAMENTO E CRISI DEMOGRAFICA: UN CONVEGNO ALLA CAMERA DEI DEPUTATI PER AFFRONTARE L&#8217;EMERGENZA E PROPORRE NUOVE STRATEGIE"},"content":{"rendered":"\n<p>(Comunicato stampa &#8211; Roma, 6 novembre 2024) \u2013 Luned\u00ec scorso, presso la Sala Matteotti della Camera dei Deputati, si \u00e8 tenuto il convegno \u00abDemografia, Spopolamento e Crisi Demografica\u00bb, promosso dall&#8217;On. Fabio Porta in collaborazione con il \u00abComitato 11 Ottobre\u00bb. L&#8217;incontro ha offerto un&#8217;occasione di approfondimento sulla grave crisi demografica che colpisce l&#8217;Italia con conseguenze profonde sul tessuto sociale, economico e culturale del Paese.<\/p>\n\n\n\n<p>Nel corso del convegno, \u00e8 emersa la necessit\u00e0 di rinnovare e rafforzare le politiche a sostegno della natalit\u00e0 e della famiglia, ma soprattutto di sviluppare strategie coordinate per il ripopolamento delle aree rurali e montane, anche incentivando il rientro dei giovani italiani residenti all&#8217;estero e degli italo-discendenti. \u00c8 stato inoltre sottolineato il ruolo fondamentale di una gestione ordinata e sostenibile dell&#8217;immigrazione, considerata un elemento chiave per riequilibrare il bilancio demografico del Paese. In questo contesto, l&#8217;On. Fabio Porta ha presentato la proposta di legge N. 1439, di cui \u00e8 primo firmatario, finalizzata a semplificare le procedure di ingresso per i giovani italo-discendenti che desiderano trasferirsi in Italia, facilitando il rilascio di visti di lunga durata. Questi giovani &#8211; ha sottolineato il deputato democratico &#8211; forti del loro legame culturale e linguistico con l&#8217;Italia, rappresentano una risorsa strategica per la ripresa demografica e per dare un nuovo impulso all&#8217;economia, contribuendo in particolare a settori professionali di cui il Paese ha urgente necessit\u00e0. Il convegno ha messo in luce dati preoccupanti sul tasso di natalit\u00e0, ormai ai minimi storici e destinato a diminuire ulteriormente nei prossimi decenni. I relatori hanno avvertito dei rischi legati a un ulteriore calo della popolazione attiva, qualora l&#8217;Italia non riesca a rendersi pi\u00f9 attrattiva per le nuove generazioni. Tra le proposte avanzate, oltre alla semplificazione delle procedure per il rientro degli italo-discendenti, \u00e8 stata discussa l&#8217;importanza di facilitare l&#8217;accesso degli studenti stranieri alle universit\u00e0 italiane e di agevolarne il successivo inserimento nel mercato del lavoro nazionale. Per quanto riguarda il rilancio delle aree colpite dallo spopolamento, sono stati presentati progetti di sviluppo territoriale, come i \u00abParchi letterari\u00bb e le cooperative di comunit\u00e0, in grado di ridare vitalit\u00e0 ai piccoli centri. Attraverso agevolazioni fiscali per i pensionati italiani residenti all&#8217;estero e il potenziamento del turismo culturale, inoltre, l&#8217;Italia potrebbe attrarre nuovi residenti e investimenti, con effetti positivi sull&#8217;occupazione e sulla qualit\u00e0 della vita in queste aree. A conclusione del convegno, i relatori hanno rivolto un appello unanime alle istituzioni nazionali e locali affinch\u00e9 adottino un approccio integrato e coordinato, capace di combinare politiche demografiche, sociali ed economiche, per fermare l&#8217;emorragia di giovani italiani che continuano a lasciare il Paese dopo la pandemia e per valorizzare appieno le risorse umane e naturali che costituiscono ancora una grande opportunit\u00e0 per il futuro dell&#8217;Italia.<\/p>\n","protected":false},"excerpt":{"rendered":"<p>(Comunicato stampa &#8211; Roma, 6 novembre 2024) \u2013 Luned\u00ec scorso, presso la Sala Matteotti della Camera dei Deputati, si \u00e8 tenuto il convegno \u00abDemografia, Spopolamento e Crisi Demografica\u00bb, promosso dall&#8217;On. Fabio Porta in collaborazione con il \u00abComitato 11 Ottobre\u00bb. L&#8217;incontro ha offerto un&#8217;occasione di approfondimento sulla grave crisi demografica che colpisce l&#8217;Italia con conseguenze profonde &hellip;<\/p>\n","protected":false},"author":1,"featured_media":377,"comment_status":"closed","ping_status":"closed","sticky":false,"template":"","format":"standard","meta":{"footnotes":""},"categories":[4,7],"tags":[],"class_list":["post-412","post","type-post","status-publish","format-standard","has-post-thumbnail","hentry","category-fabio-porta","category-pd"],"aioseo_notices":[],"_links":{"self":[{"href":"https:\/\/pdemocraticoneuquen.com\/index.php\/wp-json\/wp\/v2\/posts\/412","targetHints":{"allow":["GET"]}}],"collection":[{"href":"https:\/\/pdemocraticoneuquen.com\/index.php\/wp-json\/wp\/v2\/posts"}],"about":[{"href":"https:\/\/pdemocraticoneuquen.com\/index.php\/wp-json\/wp\/v2\/types\/post"}],"author":[{"embeddable":true,"href":"https:\/\/pdemocraticoneuquen.com\/index.php\/wp-json\/wp\/v2\/users\/1"}],"replies":[{"embeddable":true,"href":"https:\/\/pdemocraticoneuquen.com\/index.php\/wp-json\/wp\/v2\/comments?post=412"}],"version-history":[{"count":1,"href":"https:\/\/pdemocraticoneuquen.com\/index.php\/wp-json\/wp\/v2\/posts\/412\/revisions"}],"predecessor-version":[{"id":413,"href":"https:\/\/pdemocraticoneuquen.com\/index.php\/wp-json\/wp\/v2\/posts\/412\/revisions\/413"}],"wp:featuredmedia":[{"embeddable":true,"href":"https:\/\/pdemocraticoneuquen.com\/index.php\/wp-json\/wp\/v2\/media\/377"}],"wp:attachment":[{"href":"https:\/\/pdemocraticoneuquen.com\/index.php\/wp-json\/wp\/v2\/media?parent=412"}],"wp:term":[{"taxonomy":"category","embeddable":true,"href":"https:\/\/pdemocraticoneuquen.com\/index.php\/wp-json\/wp\/v2\/categories?post=412"},{"taxonomy":"post_tag","embeddable":true,"href":"https:\/\/pdemocraticoneuquen.com\/index.php\/wp-json\/wp\/v2\/tags?post=412"}],"curies":[{"name":"wp","href":"https:\/\/api.w.org\/{rel}","templated":true}]}}