{"id":406,"date":"2024-11-04T12:03:48","date_gmt":"2024-11-04T15:03:48","guid":{"rendered":"https:\/\/pdemocraticoneuquen.com\/?p=406"},"modified":"2024-11-04T12:03:49","modified_gmt":"2024-11-04T15:03:49","slug":"porta-pd-il-governo-toglie-decine-di-milioni-di-euro-ai-pensionati-italiani-allestero-e-ai-disoccupati-che-rientrano","status":"publish","type":"post","link":"https:\/\/pdemocraticoneuquen.com\/index.php\/2024\/11\/04\/porta-pd-il-governo-toglie-decine-di-milioni-di-euro-ai-pensionati-italiani-allestero-e-ai-disoccupati-che-rientrano\/","title":{"rendered":"PORTA (PD): IL GOVERNO TOGLIE DECINE DI MILIONI DI EURO AI PENSIONATI ITALIANI ALL&#8217;ESTERO E AI DISOCCUPATI CHE RIENTRANO"},"content":{"rendered":"\n<p>Inattese e ingiustificate alcune misure inserite nella Legge di Bilancio che colpiscono i diritti socio-previdenziali degli italiani all&#8217;estero. Sono infatti decine di milioni gli euro che il Governo di destra ha deciso di risparmiare con la sospensione della perequazione automatica sulle pensioni superiori al trattamento minimo degli italiani residenti all&#8217;estero e con l&#8217;eliminazione della legge che consente(iva) ai nostri connazionali disoccupati i quali decidono di rientrare in Italia di ottenere l&#8217;indennit\u00e0 di disoccupazione per 180 giorni. Non \u00e8 stato invece quantificato il risparmio che deriver\u00e0 dall&#8217;obbligo di contributo pari a 600 euro (una tassazione per le spese degli atti giudiziari) dovuto da chi attiver\u00e0 una controversia legale in materia di accertameno della cittadinanza italiana. Ma vediamo nei dettagli le implicazioni concrete delle nuove norme cos\u00ec penalizzanti per gli italiani all&#8217;estero. L&#8217;articolo 27 prevede che la rivalutazione automatica dei trattamenti pensionistici, secondo il meccanismo stabilito dall&#8217;articolo 34, comma 1, della legge 23 dicembre 1998, n. 448, non sia riconosciuta ai pensionati residenti all&#8217;estero per i trattamenti pensionistici complessivamente superiori al trattamento minimo INPS. L&#8217;esclusione dalla perequazione per i soggetti summenzionati \u00e8 operata in via eccezionale per il 2025 (fermo restando l&#8217;effetto dell&#8217;esclusione, relativa all&#8217;anno 2025, anche sui ratei di trattamento corrisposti negli anni successivi al 2025). La relazione tecnica allegata al disegno di legge quantifica la minore spesa pensionistica derivante dall&#8217; articolo 27 in un importo pari (al netto degli effetti fiscali) a 8,6 milioni di euro per ciascun anno del periodo 2025-2028 . Sempre dalla relazione tecnica del Governo si evince che su 353.514 pensioni erogate dall&#8217;Inps a residenti all&#8217;estero sono 60.764 quelle superiori al minimo che saranno colpite dal provvedimento. Dai numeri, dalle illustrazioni e dalle analisi riportati nelle relazioni illustrativa e tecnica sembrerebbe quindi che il pro-rata estero non \u00e8 stato preso in considerazione al fine di determinare il superamento del trattamento minimo delle pensioni (altrimenti i danni e i risparmi sarebbero stati molto pi\u00f9 elevati): nel caso in cui la misura dovesse malauguratamente passare, controlleremo con attenzione che sia effettivamente cos\u00ec. L&#8217;articolo 29 invece cancella definitivamente una norma che prevede(va) un trattamento di disoccupazione a favore dei lavoratori italiani rimpatriati. Tale articolo, infatti, prevede che a partire dal 1\u00b0 gennaio 2025 le disposizioni recate dalla legge n. 402 &#8211; che riconoscono il trattamento ordinario di disoccupazione per un periodo di 180 giorni ai lavoratori italiani rimpatriati, nonch\u00e9 ai lavoratori frontalieri, in caso di disoccupazione derivante da licenziamento ovvero da mancato rinnovo del contratto di lavoro stagionale da parte del datore di lavoro all&#8217;estero &#8211; non si applichino alle cessazioni del rapporto di lavoro intervenute a partire dal 1\u00b0 gennaio 2025. La relazione tecnica, nel riportare gli effetti finanziari complessivi derivanti dal provvedimento normativo di abrogazione delle disposizioni in materia di trattamento di disoccupazione in favore dei lavoratori rimpatriati, ascrive effetti positivi per la finanza pubblica, pari a 17 milioni di euro nel 2025, 37,3 milioni di euro nel 2026, 38,2 milioni di euro nel 2027, 39 milioni di euro nel 2028, 39,8 milioni di euro nel 2029, 40,6 milioni di euro nel 2030, 41,4 milioni di euro nel 2031, 42,2 milioni di euro nel 2032, 43,1 milioni di euro nel 2033 e 44 milioni di euro nel 2034. Rimane il fatto comunque che in un contesto normativo dove misure di sostegno per gli italiani emigrati i quali rientrano in Italia in condizioni di disagio economico e di difficolt\u00e0 occupazionali sono praticamente inesistenti (da rilevare che n\u00e9 l&#8217;assegno di inclusione n\u00e9 il supporto per la formazione e il lavoro \u2013 i nuovi strumenti post Reddito di cittadinanza &#8211; sono accessibili agli italiani che rientrano a causa dei requisiti di residenza), l&#8217;indennit\u00e0 di disoccupazione ora abolita rappresenta(va) per loro un piccolo ma vitale sostegno economico. \u00c8 assodato che noi del Partito Democratico interverremo in ogni modo e in ogni sede legislativa \u2013 gi\u00e0 nei prossimi giorni con gli emendamenti alla legge &#8211; per indurre questo Governo a ritirare queste misure ingiuste e immorali che puniscono immeritatamente i nostri connazionali.<\/p>\n","protected":false},"excerpt":{"rendered":"<p>Inattese e ingiustificate alcune misure inserite nella Legge di Bilancio che colpiscono i diritti socio-previdenziali degli italiani all&#8217;estero. Sono infatti decine di milioni gli euro che il Governo di destra ha deciso di risparmiare con la sospensione della perequazione automatica sulle pensioni superiori al trattamento minimo degli italiani residenti all&#8217;estero e con l&#8217;eliminazione della legge &hellip;<\/p>\n","protected":false},"author":1,"featured_media":292,"comment_status":"closed","ping_status":"closed","sticky":false,"template":"","format":"standard","meta":{"footnotes":""},"categories":[4,7],"tags":[],"class_list":["post-406","post","type-post","status-publish","format-standard","has-post-thumbnail","hentry","category-fabio-porta","category-pd"],"aioseo_notices":[],"_links":{"self":[{"href":"https:\/\/pdemocraticoneuquen.com\/index.php\/wp-json\/wp\/v2\/posts\/406","targetHints":{"allow":["GET"]}}],"collection":[{"href":"https:\/\/pdemocraticoneuquen.com\/index.php\/wp-json\/wp\/v2\/posts"}],"about":[{"href":"https:\/\/pdemocraticoneuquen.com\/index.php\/wp-json\/wp\/v2\/types\/post"}],"author":[{"embeddable":true,"href":"https:\/\/pdemocraticoneuquen.com\/index.php\/wp-json\/wp\/v2\/users\/1"}],"replies":[{"embeddable":true,"href":"https:\/\/pdemocraticoneuquen.com\/index.php\/wp-json\/wp\/v2\/comments?post=406"}],"version-history":[{"count":1,"href":"https:\/\/pdemocraticoneuquen.com\/index.php\/wp-json\/wp\/v2\/posts\/406\/revisions"}],"predecessor-version":[{"id":407,"href":"https:\/\/pdemocraticoneuquen.com\/index.php\/wp-json\/wp\/v2\/posts\/406\/revisions\/407"}],"wp:featuredmedia":[{"embeddable":true,"href":"https:\/\/pdemocraticoneuquen.com\/index.php\/wp-json\/wp\/v2\/media\/292"}],"wp:attachment":[{"href":"https:\/\/pdemocraticoneuquen.com\/index.php\/wp-json\/wp\/v2\/media?parent=406"}],"wp:term":[{"taxonomy":"category","embeddable":true,"href":"https:\/\/pdemocraticoneuquen.com\/index.php\/wp-json\/wp\/v2\/categories?post=406"},{"taxonomy":"post_tag","embeddable":true,"href":"https:\/\/pdemocraticoneuquen.com\/index.php\/wp-json\/wp\/v2\/tags?post=406"}],"curies":[{"name":"wp","href":"https:\/\/api.w.org\/{rel}","templated":true}]}}