{"id":390,"date":"2024-10-28T20:00:36","date_gmt":"2024-10-28T23:00:36","guid":{"rendered":"https:\/\/pdemocraticoneuquen.com\/?p=390"},"modified":"2024-10-28T20:03:30","modified_gmt":"2024-10-28T23:03:30","slug":"italia-y-su-huella-en-america-latina","status":"publish","type":"post","link":"https:\/\/pdemocraticoneuquen.com\/index.php\/2024\/10\/28\/italia-y-su-huella-en-america-latina\/","title":{"rendered":"<strong>Italia y su huella en Am\u00e9rica Latina<\/strong>"},"content":{"rendered":"\n<p><strong>Un seminario sobre pol\u00edtica, migraci\u00f3n y cultura<\/strong><\/p>\n\n\n\n<p>El desarrollo del seminario est\u00e1 pensado en cuatro encuentros semanales que ser\u00e1n presenciales y por zoom, a implementarse en el Sal\u00f3n de Usos M\u00faltiples del Honorable Consejo Deliberante de la Ciudad de Neuqu\u00e9n.<\/p>\n\n\n\n<figure class=\"wp-block-gallery has-nested-images columns-default is-cropped wp-block-gallery-1 is-layout-flex wp-block-gallery-is-layout-flex\">\n<figure class=\"wp-block-image size-large\"><img loading=\"lazy\" decoding=\"async\" width=\"1080\" height=\"1080\" data-id=\"393\" src=\"https:\/\/pdemocraticoneuquen.com\/wp-content\/uploads\/2024\/10\/Imagen-de-WhatsApp-2024-10-28-a-las-19.40.08_3ddfe963-1.jpg\" alt=\"\" class=\"wp-image-393\" srcset=\"https:\/\/pdemocraticoneuquen.com\/wp-content\/uploads\/2024\/10\/Imagen-de-WhatsApp-2024-10-28-a-las-19.40.08_3ddfe963-1.jpg 1080w, https:\/\/pdemocraticoneuquen.com\/wp-content\/uploads\/2024\/10\/Imagen-de-WhatsApp-2024-10-28-a-las-19.40.08_3ddfe963-1-300x300.jpg 300w, https:\/\/pdemocraticoneuquen.com\/wp-content\/uploads\/2024\/10\/Imagen-de-WhatsApp-2024-10-28-a-las-19.40.08_3ddfe963-1-1024x1024.jpg 1024w, https:\/\/pdemocraticoneuquen.com\/wp-content\/uploads\/2024\/10\/Imagen-de-WhatsApp-2024-10-28-a-las-19.40.08_3ddfe963-1-150x150.jpg 150w, https:\/\/pdemocraticoneuquen.com\/wp-content\/uploads\/2024\/10\/Imagen-de-WhatsApp-2024-10-28-a-las-19.40.08_3ddfe963-1-768x768.jpg 768w, https:\/\/pdemocraticoneuquen.com\/wp-content\/uploads\/2024\/10\/Imagen-de-WhatsApp-2024-10-28-a-las-19.40.08_3ddfe963-1-80x80.jpg 80w\" sizes=\"auto, (max-width: 1080px) 100vw, 1080px\" \/><\/figure>\n\n\n\n<figure class=\"wp-block-image size-large\"><img loading=\"lazy\" decoding=\"async\" width=\"1080\" height=\"1080\" data-id=\"394\" src=\"https:\/\/pdemocraticoneuquen.com\/wp-content\/uploads\/2024\/10\/Imagen-de-WhatsApp-2024-10-28-a-las-19.40.10_5384c6a1.jpg\" alt=\"\" class=\"wp-image-394\" srcset=\"https:\/\/pdemocraticoneuquen.com\/wp-content\/uploads\/2024\/10\/Imagen-de-WhatsApp-2024-10-28-a-las-19.40.10_5384c6a1.jpg 1080w, https:\/\/pdemocraticoneuquen.com\/wp-content\/uploads\/2024\/10\/Imagen-de-WhatsApp-2024-10-28-a-las-19.40.10_5384c6a1-300x300.jpg 300w, https:\/\/pdemocraticoneuquen.com\/wp-content\/uploads\/2024\/10\/Imagen-de-WhatsApp-2024-10-28-a-las-19.40.10_5384c6a1-1024x1024.jpg 1024w, https:\/\/pdemocraticoneuquen.com\/wp-content\/uploads\/2024\/10\/Imagen-de-WhatsApp-2024-10-28-a-las-19.40.10_5384c6a1-150x150.jpg 150w, https:\/\/pdemocraticoneuquen.com\/wp-content\/uploads\/2024\/10\/Imagen-de-WhatsApp-2024-10-28-a-las-19.40.10_5384c6a1-768x768.jpg 768w, https:\/\/pdemocraticoneuquen.com\/wp-content\/uploads\/2024\/10\/Imagen-de-WhatsApp-2024-10-28-a-las-19.40.10_5384c6a1-80x80.jpg 80w\" sizes=\"auto, (max-width: 1080px) 100vw, 1080px\" \/><\/figure>\n\n\n\n<figure class=\"wp-block-image size-large\"><img loading=\"lazy\" decoding=\"async\" width=\"1080\" height=\"1080\" data-id=\"395\" src=\"https:\/\/pdemocraticoneuquen.com\/wp-content\/uploads\/2024\/10\/Imagen-de-WhatsApp-2024-10-28-a-las-19.40.11_622b6f9b.jpg\" alt=\"\" class=\"wp-image-395\" srcset=\"https:\/\/pdemocraticoneuquen.com\/wp-content\/uploads\/2024\/10\/Imagen-de-WhatsApp-2024-10-28-a-las-19.40.11_622b6f9b.jpg 1080w, https:\/\/pdemocraticoneuquen.com\/wp-content\/uploads\/2024\/10\/Imagen-de-WhatsApp-2024-10-28-a-las-19.40.11_622b6f9b-300x300.jpg 300w, https:\/\/pdemocraticoneuquen.com\/wp-content\/uploads\/2024\/10\/Imagen-de-WhatsApp-2024-10-28-a-las-19.40.11_622b6f9b-1024x1024.jpg 1024w, https:\/\/pdemocraticoneuquen.com\/wp-content\/uploads\/2024\/10\/Imagen-de-WhatsApp-2024-10-28-a-las-19.40.11_622b6f9b-150x150.jpg 150w, https:\/\/pdemocraticoneuquen.com\/wp-content\/uploads\/2024\/10\/Imagen-de-WhatsApp-2024-10-28-a-las-19.40.11_622b6f9b-768x768.jpg 768w, https:\/\/pdemocraticoneuquen.com\/wp-content\/uploads\/2024\/10\/Imagen-de-WhatsApp-2024-10-28-a-las-19.40.11_622b6f9b-80x80.jpg 80w\" sizes=\"auto, (max-width: 1080px) 100vw, 1080px\" \/><\/figure>\n\n\n\n<figure class=\"wp-block-image size-large\"><img loading=\"lazy\" decoding=\"async\" width=\"1080\" height=\"1080\" data-id=\"392\" src=\"https:\/\/pdemocraticoneuquen.com\/wp-content\/uploads\/2024\/10\/Imagen-de-WhatsApp-2024-10-28-a-las-19.39.34_ad5655ca.jpg\" alt=\"\" class=\"wp-image-392\" srcset=\"https:\/\/pdemocraticoneuquen.com\/wp-content\/uploads\/2024\/10\/Imagen-de-WhatsApp-2024-10-28-a-las-19.39.34_ad5655ca.jpg 1080w, https:\/\/pdemocraticoneuquen.com\/wp-content\/uploads\/2024\/10\/Imagen-de-WhatsApp-2024-10-28-a-las-19.39.34_ad5655ca-300x300.jpg 300w, https:\/\/pdemocraticoneuquen.com\/wp-content\/uploads\/2024\/10\/Imagen-de-WhatsApp-2024-10-28-a-las-19.39.34_ad5655ca-1024x1024.jpg 1024w, https:\/\/pdemocraticoneuquen.com\/wp-content\/uploads\/2024\/10\/Imagen-de-WhatsApp-2024-10-28-a-las-19.39.34_ad5655ca-150x150.jpg 150w, https:\/\/pdemocraticoneuquen.com\/wp-content\/uploads\/2024\/10\/Imagen-de-WhatsApp-2024-10-28-a-las-19.39.34_ad5655ca-768x768.jpg 768w, https:\/\/pdemocraticoneuquen.com\/wp-content\/uploads\/2024\/10\/Imagen-de-WhatsApp-2024-10-28-a-las-19.39.34_ad5655ca-80x80.jpg 80w\" sizes=\"auto, (max-width: 1080px) 100vw, 1080px\" \/><\/figure>\n<\/figure>\n\n\n\n<p><strong><u>Programa<\/u><\/strong><strong><\/strong><\/p>\n\n\n\n<ol class=\"wp-block-list\" type=\"1\"><li><strong><u>Historia pol\u00edtica de Italia<\/u><\/strong><strong>.<\/strong><\/li><\/ol>\n\n\n\n<p><strong>Objetivo: <\/strong>Proporcionar una visi\u00f3n general de la evoluci\u00f3n pol\u00edtica de Italia.<\/p>\n\n\n\n<p><strong>Contenidos:<\/strong> Unificaci\u00f3n italiana, evoluci\u00f3n hacia la rep\u00fablica. Primera y segunda rep\u00fablica. Situaci\u00f3n pol\u00edtica actual.<\/p>\n\n\n\n<p><strong>Expositor:<\/strong> Hern\u00e1n Pablo Toppi.<\/p>\n\n\n\n<figure class=\"wp-block-image size-large\"><img loading=\"lazy\" decoding=\"async\" width=\"1024\" height=\"1024\" src=\"https:\/\/pdemocraticoneuquen.com\/wp-content\/uploads\/2024\/10\/Imagen-de-WhatsApp-2024-10-28-a-las-19.40.08_3ddfe963-1-1024x1024.jpg\" alt=\"\" class=\"wp-image-393\" srcset=\"https:\/\/pdemocraticoneuquen.com\/wp-content\/uploads\/2024\/10\/Imagen-de-WhatsApp-2024-10-28-a-las-19.40.08_3ddfe963-1-1024x1024.jpg 1024w, https:\/\/pdemocraticoneuquen.com\/wp-content\/uploads\/2024\/10\/Imagen-de-WhatsApp-2024-10-28-a-las-19.40.08_3ddfe963-1-300x300.jpg 300w, https:\/\/pdemocraticoneuquen.com\/wp-content\/uploads\/2024\/10\/Imagen-de-WhatsApp-2024-10-28-a-las-19.40.08_3ddfe963-1-150x150.jpg 150w, https:\/\/pdemocraticoneuquen.com\/wp-content\/uploads\/2024\/10\/Imagen-de-WhatsApp-2024-10-28-a-las-19.40.08_3ddfe963-1-768x768.jpg 768w, https:\/\/pdemocraticoneuquen.com\/wp-content\/uploads\/2024\/10\/Imagen-de-WhatsApp-2024-10-28-a-las-19.40.08_3ddfe963-1-80x80.jpg 80w, https:\/\/pdemocraticoneuquen.com\/wp-content\/uploads\/2024\/10\/Imagen-de-WhatsApp-2024-10-28-a-las-19.40.08_3ddfe963-1.jpg 1080w\" sizes=\"auto, (max-width: 1024px) 100vw, 1024px\" \/><\/figure>\n\n\n\n<p><strong>Intervendr\u00e1 <\/strong>(v\u00eda zoom) Luciano Vecchi, Secretario PD Mundial.<\/p>\n\n\n\n<p><strong>Fecha:<\/strong> 30 de octubre.<\/p>\n\n\n\n<p><strong>Horario:<\/strong> 17 hs.<\/p>\n\n\n\n<figure class=\"wp-block-image size-large\"><img loading=\"lazy\" decoding=\"async\" width=\"1024\" height=\"768\" src=\"https:\/\/pdemocraticoneuquen.com\/wp-content\/uploads\/2024\/10\/Imagen-de-WhatsApp-2024-10-28-a-las-19.40.08_c08d5c59-1024x768.jpg\" alt=\"\" class=\"wp-image-396\" srcset=\"https:\/\/pdemocraticoneuquen.com\/wp-content\/uploads\/2024\/10\/Imagen-de-WhatsApp-2024-10-28-a-las-19.40.08_c08d5c59-1024x768.jpg 1024w, https:\/\/pdemocraticoneuquen.com\/wp-content\/uploads\/2024\/10\/Imagen-de-WhatsApp-2024-10-28-a-las-19.40.08_c08d5c59-300x225.jpg 300w, https:\/\/pdemocraticoneuquen.com\/wp-content\/uploads\/2024\/10\/Imagen-de-WhatsApp-2024-10-28-a-las-19.40.08_c08d5c59-768x576.jpg 768w, https:\/\/pdemocraticoneuquen.com\/wp-content\/uploads\/2024\/10\/Imagen-de-WhatsApp-2024-10-28-a-las-19.40.08_c08d5c59-1536x1152.jpg 1536w, https:\/\/pdemocraticoneuquen.com\/wp-content\/uploads\/2024\/10\/Imagen-de-WhatsApp-2024-10-28-a-las-19.40.08_c08d5c59.jpg 1600w\" sizes=\"auto, (max-width: 1024px) 100vw, 1024px\" \/><\/figure>\n\n\n\n<ul class=\"wp-block-list\"><li><strong><u>Aspectos sociol\u00f3gicos y migraci\u00f3n<\/u><\/strong><strong>.<\/strong><\/li><\/ul>\n\n\n\n<p><strong>Objetivo: <\/strong>Analizar la inmigraci\u00f3n italiana hacia la Argentina. Situaci\u00f3n migratoria actual.<\/p>\n\n\n\n<p><strong>Contenidos:<\/strong> Motivos de la migraci\u00f3n; su impacto en la Argentina. Situaci\u00f3n migratoria actual en Italia. Desaf\u00edos y oportunidades.<\/p>\n\n\n\n<p><strong>Expositor:<\/strong> Esteban de Gori.<\/p>\n\n\n\n<figure class=\"wp-block-image size-large\"><img loading=\"lazy\" decoding=\"async\" width=\"1024\" height=\"1024\" src=\"https:\/\/pdemocraticoneuquen.com\/wp-content\/uploads\/2024\/10\/Imagen-de-WhatsApp-2024-10-28-a-las-19.40.11_622b6f9b-1024x1024.jpg\" alt=\"\" class=\"wp-image-395\" srcset=\"https:\/\/pdemocraticoneuquen.com\/wp-content\/uploads\/2024\/10\/Imagen-de-WhatsApp-2024-10-28-a-las-19.40.11_622b6f9b-1024x1024.jpg 1024w, https:\/\/pdemocraticoneuquen.com\/wp-content\/uploads\/2024\/10\/Imagen-de-WhatsApp-2024-10-28-a-las-19.40.11_622b6f9b-300x300.jpg 300w, https:\/\/pdemocraticoneuquen.com\/wp-content\/uploads\/2024\/10\/Imagen-de-WhatsApp-2024-10-28-a-las-19.40.11_622b6f9b-150x150.jpg 150w, https:\/\/pdemocraticoneuquen.com\/wp-content\/uploads\/2024\/10\/Imagen-de-WhatsApp-2024-10-28-a-las-19.40.11_622b6f9b-768x768.jpg 768w, https:\/\/pdemocraticoneuquen.com\/wp-content\/uploads\/2024\/10\/Imagen-de-WhatsApp-2024-10-28-a-las-19.40.11_622b6f9b-80x80.jpg 80w, https:\/\/pdemocraticoneuquen.com\/wp-content\/uploads\/2024\/10\/Imagen-de-WhatsApp-2024-10-28-a-las-19.40.11_622b6f9b.jpg 1080w\" sizes=\"auto, (max-width: 1024px) 100vw, 1024px\" \/><\/figure>\n\n\n\n<p><strong>Intervendr\u00e1 <\/strong>(v\u00eda zoom): Tony Ricciardi Diputado Nacional del PD.<\/p>\n\n\n\n<p><strong>Fecha:<\/strong> 7 de noviembre.<\/p>\n\n\n\n<p><strong>Horario: <\/strong>17 hs.<\/p>\n\n\n\n<ul class=\"wp-block-list\"><li><strong><u>Voto transnacional italiano<\/u><\/strong><strong>.<\/strong><\/li><\/ul>\n\n\n\n<p><strong>Objetivo: <\/strong>Explicar el sistema de votaci\u00f3n para italianos en el exterior. Su impacto.<\/p>\n\n\n\n<p><strong>Contenidos:<\/strong> Procedimiento de votaci\u00f3n. Representaci\u00f3n de los italianos en el exterior. Desaf\u00edos y reformas.<\/p>\n\n\n\n<p><strong>Expositor:<\/strong> Maria Laura Tagina.<\/p>\n\n\n\n<p><strong>Intervendr\u00e1 <\/strong>(v\u00eda zoom): Fabio Porta, Diputado del PD, circunscripci\u00f3n Sud Am\u00e9rica.<\/p>\n\n\n\n<p><strong>Fecha:<\/strong> 13 de noviembre.<\/p>\n\n\n\n<p><strong>Horario:<\/strong> 17 hs.<\/p>\n\n\n\n<figure class=\"wp-block-image size-large\"><img loading=\"lazy\" decoding=\"async\" width=\"1024\" height=\"768\" src=\"https:\/\/pdemocraticoneuquen.com\/wp-content\/uploads\/2024\/10\/Imagen-de-WhatsApp-2024-10-28-a-las-19.40.09_533962a7-1024x768.jpg\" alt=\"\" class=\"wp-image-397\" srcset=\"https:\/\/pdemocraticoneuquen.com\/wp-content\/uploads\/2024\/10\/Imagen-de-WhatsApp-2024-10-28-a-las-19.40.09_533962a7-1024x768.jpg 1024w, https:\/\/pdemocraticoneuquen.com\/wp-content\/uploads\/2024\/10\/Imagen-de-WhatsApp-2024-10-28-a-las-19.40.09_533962a7-300x225.jpg 300w, https:\/\/pdemocraticoneuquen.com\/wp-content\/uploads\/2024\/10\/Imagen-de-WhatsApp-2024-10-28-a-las-19.40.09_533962a7-768x576.jpg 768w, https:\/\/pdemocraticoneuquen.com\/wp-content\/uploads\/2024\/10\/Imagen-de-WhatsApp-2024-10-28-a-las-19.40.09_533962a7.jpg 1280w\" sizes=\"auto, (max-width: 1024px) 100vw, 1024px\" \/><\/figure>\n\n\n\n<ul class=\"wp-block-list\"><li><strong><u>Consumos culturales. Mafias.<\/u><\/strong><\/li><\/ul>\n\n\n\n<p><strong>Objetivo: <\/strong>Explorar la influencia de la cultura italiana en la Argentina. Impacto de las mafias.<\/p>\n\n\n\n<p><strong>Contenidos:<\/strong> Influencia cultural de las producciones italianas. El caso de las mafias italianas en Argentina. Estereotipos y realidades.<\/p>\n\n\n\n<p><strong>Expositor:<\/strong> Maria Soledad Balsas.<\/p>\n\n\n\n<p><strong>Intervendr\u00e1 <\/strong>(v\u00eda zoom): Marcelo Medori, coresponsal del Consulado Italiano de Bah\u00eda Blanca.<\/p>\n\n\n\n<p><strong>Fecha:<\/strong> 20 de noviembre.<\/p>\n\n\n\n<p><strong>Horario:<\/strong> 17 hs.<\/p>\n\n\n\n<p><strong>Observaci\u00f3n: <\/strong>en uno de los encuentros intervendr\u00e1 Daniel Antenucci, Sec. Nacional del PD DE Argentina.<\/p>\n","protected":false},"excerpt":{"rendered":"<p>Un seminario sobre pol\u00edtica, migraci\u00f3n y cultura El desarrollo del seminario est\u00e1 pensado en cuatro encuentros semanales que ser\u00e1n presenciales y por zoom, a implementarse en el Sal\u00f3n de Usos M\u00faltiples del Honorable Consejo Deliberante de la Ciudad de Neuqu\u00e9n. Programa Historia pol\u00edtica de Italia. Objetivo: Proporcionar una visi\u00f3n general de la evoluci\u00f3n pol\u00edtica de &hellip;<\/p>\n","protected":false},"author":1,"featured_media":391,"comment_status":"closed","ping_status":"closed","sticky":false,"template":"","format":"standard","meta":{"footnotes":""},"categories":[7],"tags":[],"class_list":["post-390","post","type-post","status-publish","format-standard","has-post-thumbnail","hentry","category-pd"],"aioseo_notices":[],"_links":{"self":[{"href":"https:\/\/pdemocraticoneuquen.com\/index.php\/wp-json\/wp\/v2\/posts\/390","targetHints":{"allow":["GET"]}}],"collection":[{"href":"https:\/\/pdemocraticoneuquen.com\/index.php\/wp-json\/wp\/v2\/posts"}],"about":[{"href":"https:\/\/pdemocraticoneuquen.com\/index.php\/wp-json\/wp\/v2\/types\/post"}],"author":[{"embeddable":true,"href":"https:\/\/pdemocraticoneuquen.com\/index.php\/wp-json\/wp\/v2\/users\/1"}],"replies":[{"embeddable":true,"href":"https:\/\/pdemocraticoneuquen.com\/index.php\/wp-json\/wp\/v2\/comments?post=390"}],"version-history":[{"count":3,"href":"https:\/\/pdemocraticoneuquen.com\/index.php\/wp-json\/wp\/v2\/posts\/390\/revisions"}],"predecessor-version":[{"id":402,"href":"https:\/\/pdemocraticoneuquen.com\/index.php\/wp-json\/wp\/v2\/posts\/390\/revisions\/402"}],"wp:featuredmedia":[{"embeddable":true,"href":"https:\/\/pdemocraticoneuquen.com\/index.php\/wp-json\/wp\/v2\/media\/391"}],"wp:attachment":[{"href":"https:\/\/pdemocraticoneuquen.com\/index.php\/wp-json\/wp\/v2\/media?parent=390"}],"wp:term":[{"taxonomy":"category","embeddable":true,"href":"https:\/\/pdemocraticoneuquen.com\/index.php\/wp-json\/wp\/v2\/categories?post=390"},{"taxonomy":"post_tag","embeddable":true,"href":"https:\/\/pdemocraticoneuquen.com\/index.php\/wp-json\/wp\/v2\/tags?post=390"}],"curies":[{"name":"wp","href":"https:\/\/api.w.org\/{rel}","templated":true}]}}