{"id":388,"date":"2024-10-26T07:15:30","date_gmt":"2024-10-26T10:15:30","guid":{"rendered":"https:\/\/pdemocraticoneuquen.com\/?p=388"},"modified":"2024-10-26T07:15:31","modified_gmt":"2024-10-26T10:15:31","slug":"porta-pd-la-manovra-2025-del-governo-si-accanisce-contro-gli-italiani-allestero","status":"publish","type":"post","link":"https:\/\/pdemocraticoneuquen.com\/index.php\/2024\/10\/26\/porta-pd-la-manovra-2025-del-governo-si-accanisce-contro-gli-italiani-allestero\/","title":{"rendered":"<strong>PORTA (PD): LA MANOVRA 2025 DEL GOVERNO SI ACCANISCE CONTRO GLI ITALIANI ALL&#8217;ESTERO<\/strong>"},"content":{"rendered":"\n<p>Una Legge di Bilancio per il 2025 che sorprendentemente e ingiustificatamente si accanisce contro gli italiani residenti all&#8217;estero. Da una prima lettura della Manovra arrivata ieri alla Camera dei Deputati risulta infatti che sono stati presi di mira da questo Governo con misure punitive i nostri pensionati e i nostri lavoratori emigrati. Gli articoli 27 e 29 prevedono rispettivamente l&#8217;eliminazione della rivalutazione automatica per il 2025 delle pensioni dei residenti all&#8217;estero superiori al trattamento minimo (si presume anche con il cumulo della pensione estera) \u2013 e cio\u00e8 dell&#8217;adeguamento degli importi pensionistici all&#8217;inflazione \u2013 e l&#8217;abrogazione definitiva delle disposizioni legislative in materia di trattamento di disoccupazione dei nostri lavoratori rimpatriati a partire dal 1\u00b0 gennaio 2025. In merito alla perequazione automatica negata ora ai nostri connazionali, va detto che la norma non solo presenta profili di illegittimit\u00e0 costituzionali anche per l&#8217;evidente introduzione di una disparit\u00e0 di trattamento con i pensionati residenti in Italia i quali invece beneficeranno degli aumenti (seppur modesti) ma si rivela ingiusta e immorale perch\u00e9 le pensioni non sono un regalo ma un salario differito ad ex lavoratori dipendenti ed autonomi che hanno versato i contributi per tanti anni e perch\u00e9 la perequazione \u00e8 l&#8217;unico dispositivo che pu\u00f2 salvaguardare, anche se solo in parte, il potere d&#8217;acquisto dei pensionati. Per quanto riguarda invece l&#8217;improvvisa abrogazione del sussidio di disoccupazione previsto per i lavoratori rimpatriati dalla legge n. 402 del 1975 ricordiamo che questa legge, tra l&#8217;altro poco conosciuta, \u00e8 l&#8217;unica legge italiana che prevede una qualche forma di assistenza per i nostri lavoratori che rientrano in Italia&nbsp; infatti in caso di disoccupazione derivante da licenziamento ovvero da mancato rinnovo del contratto di lavoro stagionale da parte del datore di lavoro all&#8217;estero, i lavoratori italiani rimpatriati, nonch\u00e9 i lavoratori frontalieri, hanno diritto al trattamento ordinario di disoccupazione per un periodo di 180 giorni. Fare cassa sulle spalle, gi\u00e0 deboli e discriminate, dei nostri connazionali pensionati e lavoratori residenti all&#8217;estero \u00e8 ingiusto e immorale. Inoltre, come se non bastasse, \u00e8 stato introdotto dalla Legge di Bilancio un obbligo di contributo pari a 600 euro (praticamente una tassazione per le spese degli atti giudiziari) dovuto dalla parte ricorrente \u2013 spesso soggetti provenienti dai Paesi a valuta debole del Sudamerica &#8211; per scoraggiare le controversie in materia di accertamento della cittadinanza italiana e in pratica disincentivare quindi anche le richieste di cittadinanza italiana iure sanguinis. Ovviamente, considerata e verificata l&#8217;ostilit\u00e0 di questo Governo per i diritti e gli interessi degli italiani all&#8217;estero, nella Manovra 2025 non si ravvisano misure che possano andare incontro alle tante richieste dei nostri connazionali: riduzione dell&#8217;Imu e della Tari, eliminazione del Canone Rai, interventi sulle doppie tassazioni, miglioramenti dei trattamenti pensionistici, etc. Infine non \u00e8 azzardato sospettare che nell&#8217;ambito degli interventi mirati a ridurre le spese dei Ministeri ci possano essere ulteriori forti riduzioni delle spese nei vari capitoli del Ministero degli esteri per gli italiani nel mondo. Staremo a vedere e ci prepariamo a dare battaglia in Parlamento. Si profila quindi un dibattito acceso su questa iniqua Legge di Bilancio che ci vedr\u00e0 impegnati per promuovere e ripristinare i diritti violati del mondo dell&#8217;emigrazione.<\/p>\n","protected":false},"excerpt":{"rendered":"<p>Una Legge di Bilancio per il 2025 che sorprendentemente e ingiustificatamente si accanisce contro gli italiani residenti all&#8217;estero. Da una prima lettura della Manovra arrivata ieri alla Camera dei Deputati risulta infatti che sono stati presi di mira da questo Governo con misure punitive i nostri pensionati e i nostri lavoratori emigrati. Gli articoli 27 &hellip;<\/p>\n","protected":false},"author":1,"featured_media":386,"comment_status":"closed","ping_status":"closed","sticky":false,"template":"","format":"standard","meta":{"footnotes":""},"categories":[4,7],"tags":[],"class_list":["post-388","post","type-post","status-publish","format-standard","has-post-thumbnail","hentry","category-fabio-porta","category-pd"],"aioseo_notices":[],"_links":{"self":[{"href":"https:\/\/pdemocraticoneuquen.com\/index.php\/wp-json\/wp\/v2\/posts\/388","targetHints":{"allow":["GET"]}}],"collection":[{"href":"https:\/\/pdemocraticoneuquen.com\/index.php\/wp-json\/wp\/v2\/posts"}],"about":[{"href":"https:\/\/pdemocraticoneuquen.com\/index.php\/wp-json\/wp\/v2\/types\/post"}],"author":[{"embeddable":true,"href":"https:\/\/pdemocraticoneuquen.com\/index.php\/wp-json\/wp\/v2\/users\/1"}],"replies":[{"embeddable":true,"href":"https:\/\/pdemocraticoneuquen.com\/index.php\/wp-json\/wp\/v2\/comments?post=388"}],"version-history":[{"count":1,"href":"https:\/\/pdemocraticoneuquen.com\/index.php\/wp-json\/wp\/v2\/posts\/388\/revisions"}],"predecessor-version":[{"id":389,"href":"https:\/\/pdemocraticoneuquen.com\/index.php\/wp-json\/wp\/v2\/posts\/388\/revisions\/389"}],"wp:featuredmedia":[{"embeddable":true,"href":"https:\/\/pdemocraticoneuquen.com\/index.php\/wp-json\/wp\/v2\/media\/386"}],"wp:attachment":[{"href":"https:\/\/pdemocraticoneuquen.com\/index.php\/wp-json\/wp\/v2\/media?parent=388"}],"wp:term":[{"taxonomy":"category","embeddable":true,"href":"https:\/\/pdemocraticoneuquen.com\/index.php\/wp-json\/wp\/v2\/categories?post=388"},{"taxonomy":"post_tag","embeddable":true,"href":"https:\/\/pdemocraticoneuquen.com\/index.php\/wp-json\/wp\/v2\/tags?post=388"}],"curies":[{"name":"wp","href":"https:\/\/api.w.org\/{rel}","templated":true}]}}