{"id":382,"date":"2024-10-02T11:28:11","date_gmt":"2024-10-02T14:28:11","guid":{"rendered":"https:\/\/pdemocraticoneuquen.com\/?p=382"},"modified":"2024-10-02T11:28:11","modified_gmt":"2024-10-02T14:28:11","slug":"porta-pd-a-lima-per-celebrare-i-centocinquanta-anni-di-rapporti-diplomatici-italia-peru","status":"publish","type":"post","link":"https:\/\/pdemocraticoneuquen.com\/index.php\/2024\/10\/02\/porta-pd-a-lima-per-celebrare-i-centocinquanta-anni-di-rapporti-diplomatici-italia-peru\/","title":{"rendered":"PORTA (PD) A LIMA PER CELEBRARE I CENTOCINQUANTA ANNI DI RAPPORTI DIPLOMATICI ITALIA-PER\u00d9"},"content":{"rendered":"\n<p>L&#8217;On. Fabio Porta, parlamentare italiano eletto in America Meridionale, si trova in questi giorni a Lima con la delegazione del gruppo di amicizia parlamentare Italia-Per\u00f9 guidata dal Presidente Manfred Schullian, dal deputato Ciro Maschio e dal senatore Mario Borghese.<\/p>\n\n\n\n<p>La delegazione \u00e8 stata ricevuta ieri dall&#8217;Ambasciatore d&#8217;Italia Massimiliano Mazzanti e nel corso della settimana avr\u00e0 incontri con i rappresentanti della comunit\u00e0 italiana in Per\u00f9 e con i colleghi parlamentari del Congresso peruviano.<\/p>\n\n\n\n<p>Gli incontri con i rappresentanti della collettivit\u00e0 italiana prevedono una visita all&#8217;Istituto paritario \u00abAntonio Raimondi, un incontro con i consiglieri del Comites e del CGIE e con il consiglio direttivo della Camera di commercio italo-peruviana. In occasione dei 150 anni di relazioni diplomatiche bilaterali sar\u00e0 poi inaugurata presso i locali dell&#8217;Istituto italiano di cultura la mostra del Museo dell&#8217;Emigrazione Italiana \u00abMEI Experience Room \u2013 Le mie radici sono qui\u00bb, alla presenza del Presidente della Fondazione MEI Paolo Masini.<\/p>\n\n\n\n<p>La giornata principale dell&#8217;intensa agenda della delegazione parlamentare sar\u00e0 dedicata allla visita al Congresso del Per\u00f9 e all&#8217;incontro con i deputati dell&#8217;omologo gruppo parlamentare di amicizia Per\u00f9-Italia.\u00bb<\/p>\n\n\n\n<p>\u00abIn Italia vive una numerosa comunit\u00e0 peruviana e in Per\u00f9 \u00e8 grande e antica la presenza italiana \u2013 ha dichiarato l&#8217;On. Fabio Porta \u2013 e l&#8217;occasione dei 150 anni di rapporti tra i due Paesi deve essere commemorata e omaggiata con un rilancio di questa cooperazione; come Parlamento siamo determinati ad accelerare i negoziati per arrivare ad un accordo bilaterale di sicurezza sociale e per il riconoscimento reciproco delle patenti di guida, nonch\u00e9 per favorire la semplificazione delle procedure di riconoscimento dei titoli di studio, e in questo senso lavoreremo in questi giorni di incontri a Lima\u00bb.<\/p>\n","protected":false},"excerpt":{"rendered":"<p>L&#8217;On. Fabio Porta, parlamentare italiano eletto in America Meridionale, si trova in questi giorni a Lima con la delegazione del gruppo di amicizia parlamentare Italia-Per\u00f9 guidata dal Presidente Manfred Schullian, dal deputato Ciro Maschio e dal senatore Mario Borghese. La delegazione \u00e8 stata ricevuta ieri dall&#8217;Ambasciatore d&#8217;Italia Massimiliano Mazzanti e nel corso della settimana avr\u00e0 &hellip;<\/p>\n","protected":false},"author":1,"featured_media":383,"comment_status":"closed","ping_status":"closed","sticky":false,"template":"","format":"standard","meta":{"footnotes":""},"categories":[4,7],"tags":[],"class_list":["post-382","post","type-post","status-publish","format-standard","has-post-thumbnail","hentry","category-fabio-porta","category-pd"],"aioseo_notices":[],"_links":{"self":[{"href":"https:\/\/pdemocraticoneuquen.com\/index.php\/wp-json\/wp\/v2\/posts\/382","targetHints":{"allow":["GET"]}}],"collection":[{"href":"https:\/\/pdemocraticoneuquen.com\/index.php\/wp-json\/wp\/v2\/posts"}],"about":[{"href":"https:\/\/pdemocraticoneuquen.com\/index.php\/wp-json\/wp\/v2\/types\/post"}],"author":[{"embeddable":true,"href":"https:\/\/pdemocraticoneuquen.com\/index.php\/wp-json\/wp\/v2\/users\/1"}],"replies":[{"embeddable":true,"href":"https:\/\/pdemocraticoneuquen.com\/index.php\/wp-json\/wp\/v2\/comments?post=382"}],"version-history":[{"count":1,"href":"https:\/\/pdemocraticoneuquen.com\/index.php\/wp-json\/wp\/v2\/posts\/382\/revisions"}],"predecessor-version":[{"id":384,"href":"https:\/\/pdemocraticoneuquen.com\/index.php\/wp-json\/wp\/v2\/posts\/382\/revisions\/384"}],"wp:featuredmedia":[{"embeddable":true,"href":"https:\/\/pdemocraticoneuquen.com\/index.php\/wp-json\/wp\/v2\/media\/383"}],"wp:attachment":[{"href":"https:\/\/pdemocraticoneuquen.com\/index.php\/wp-json\/wp\/v2\/media?parent=382"}],"wp:term":[{"taxonomy":"category","embeddable":true,"href":"https:\/\/pdemocraticoneuquen.com\/index.php\/wp-json\/wp\/v2\/categories?post=382"},{"taxonomy":"post_tag","embeddable":true,"href":"https:\/\/pdemocraticoneuquen.com\/index.php\/wp-json\/wp\/v2\/tags?post=382"}],"curies":[{"name":"wp","href":"https:\/\/api.w.org\/{rel}","templated":true}]}}